{"id":89978,"date":"2019-09-22T18:26:05","date_gmt":"2019-09-22T21:26:05","guid":{"rendered":"http:\/\/www.elsindical.com.ar\/notas\/?p=89978"},"modified":"2019-09-22T18:26:05","modified_gmt":"2019-09-22T21:26:05","slug":"moyano-reelecto-por-octava-vez-al-frente-de-camioneros","status":"publish","type":"post","link":"https:\/\/www.elsindical.com.ar\/notas\/moyano-reelecto-por-octava-vez-al-frente-de-camioneros\/","title":{"rendered":"Moyano reelecto por octava vez al frente de Camioneros"},"content":{"rendered":"\n<figure class=\"wp-block-image\"><img loading=\"lazy\" decoding=\"async\" width=\"1003\" height=\"605\" src=\"http:\/\/www.elsindical.com.ar\/notas\/var\/www\/html\/notas\/wp-content\/uploads\/2019\/09\/elecciones-Hugo-Moyano.jpg\" alt=\"\" class=\"wp-image-89979\" srcset=\"https:\/\/www.elsindical.com.ar\/notas\/var\/www\/html\/notas\/wp-content\/uploads\/2019\/09\/elecciones-Hugo-Moyano.jpg 1003w, https:\/\/www.elsindical.com.ar\/notas\/var\/www\/html\/notas\/wp-content\/uploads\/2019\/09\/elecciones-Hugo-Moyano-300x181.jpg 300w, https:\/\/www.elsindical.com.ar\/notas\/var\/www\/html\/notas\/wp-content\/uploads\/2019\/09\/elecciones-Hugo-Moyano-768x463.jpg 768w, https:\/\/www.elsindical.com.ar\/notas\/var\/www\/html\/notas\/wp-content\/uploads\/2019\/09\/elecciones-Hugo-Moyano-497x300.jpg 497w\" sizes=\"auto, (max-width: 1003px) 100vw, 1003px\" \/><\/figure>\n\n\n\n<p>Desde ayer los camioneros votan  con lista \u00fanica la renovaci\u00f3n de autoridades de su sindicato. Hugo y  Pablo Moyano seguir\u00e1n como secretarios General y Adjunto de la  organizaci\u00f3n.<\/p>\n\n\n\n<p><strong>Las elecciones el \nSindicato de Camioneros cerrar\u00e1n este domingo y consagrar\u00e1n por octava \nvez consecutiva a Hugo Moyano como secretario general. Los comicios \ninternos representar\u00e1n un nueva espaldarazo para Hugo y su hijo Pablo, \nquienes llevan las riendas del gremio.<\/strong><\/p>\n\n\n\n<p>Marcelo Aparicio continuar\u00e1 como secretario gremial, H\u00e9ctor \nMaldonado, como tesorero; Omar P\u00e9rez, como encargado de pol\u00edtica de \ntransporte; Octavio Arg\u00fcello, de pol\u00edtica sindical, y Ra\u00fal Altamirano, \ncomo secretario de fiscalizaci\u00f3n.<\/p>\n\n\n\n<p><strong>Hugo Moyano controla el gremio desde 1987. Desde entonces \nhizo crecer la organizaci\u00f3n de Camioneros que mejor\u00f3 en representaci\u00f3n, \nn\u00famero de afiliados y ramas de actividad a las que representa, lo que \nposibilito su gran \u00abpoder de fuego\u00bb para posicionarse como interlocutor \nineludible para todos los gobiernos.<\/strong><\/p>\n\n\n\n<p>Camioneros tiene hoy m\u00e1s de 240 mil afiliados, alcance nacional y mucha cohesi\u00f3n interna.<\/p>\n\n\n\n<p>El l\u00edder camionero fue uno de los principales protagonistas de la \npol\u00edtica nacional durante las \u00faltimas d\u00e9cadas. Opositor f\u00e9rreo a las \nreformas encaradas por Carlos Menem y tambi\u00e9n de su sucesor Fernando de \nla R\u00faa, mantuvo una buena relaci\u00f3n con N\u00e9stor Kirchner y termin\u00f3 \nenfrentado con Cristina Kirchner. Tras el cambio de gobierno, la buena \nsinton\u00eda que logr\u00f3 con Mauricio Macri se fue deteriorando con el paso \ndel tiempo.<\/p>\n\n\n\n<p>Meses antes de las PASO, el ex l\u00edder de la CGT manifest\u00f3 p\u00fablicamente\n su respaldo a la f\u00f3rmula integrada por Alberto Fern\u00e1ndez y Cristina \nKirchner. Facundo Moyano, su otro hijo, es candidato a diputado nacional\n en la provincia de Buenos Aires por el Frente de Todos.<\/p>\n","protected":false},"excerpt":{"rendered":"<p>Desde ayer los camioneros votan con lista \u00fanica la renovaci\u00f3n de autoridades de su sindicato. Hugo y Pablo Moyano seguir\u00e1n como secretarios General y Adjunto de la organizaci\u00f3n. Las elecciones el Sindicato de Camioneros cerrar\u00e1n este domingo y consagrar\u00e1n por octava vez consecutiva a Hugo Moyano como secretario general. Los comicios internos representar\u00e1n un nueva&hellip;<\/p>\n","protected":false},"author":1,"featured_media":89979,"comment_status":"open","ping_status":"open","sticky":false,"template":"","format":"standard","meta":{"footnotes":""},"categories":[1],"tags":[1298,244,77,2421],"class_list":["post-89978","post","type-post","status-publish","format-standard","has-post-thumbnail","hentry","category-destacadas","tag-camioneros","tag-elecciones","tag-hugo-moyano","tag-sindicato-de-camioneros"],"_links":{"self":[{"href":"https:\/\/www.elsindical.com.ar\/notas\/wp-json\/wp\/v2\/posts\/89978","targetHints":{"allow":["GET"]}}],"collection":[{"href":"https:\/\/www.elsindical.com.ar\/notas\/wp-json\/wp\/v2\/posts"}],"about":[{"href":"https:\/\/www.elsindical.com.ar\/notas\/wp-json\/wp\/v2\/types\/post"}],"author":[{"embeddable":true,"href":"https:\/\/www.elsindical.com.ar\/notas\/wp-json\/wp\/v2\/users\/1"}],"replies":[{"embeddable":true,"href":"https:\/\/www.elsindical.com.ar\/notas\/wp-json\/wp\/v2\/comments?post=89978"}],"version-history":[{"count":1,"href":"https:\/\/www.elsindical.com.ar\/notas\/wp-json\/wp\/v2\/posts\/89978\/revisions"}],"predecessor-version":[{"id":89980,"href":"https:\/\/www.elsindical.com.ar\/notas\/wp-json\/wp\/v2\/posts\/89978\/revisions\/89980"}],"wp:featuredmedia":[{"embeddable":true,"href":"https:\/\/www.elsindical.com.ar\/notas\/wp-json\/wp\/v2\/media\/89979"}],"wp:attachment":[{"href":"https:\/\/www.elsindical.com.ar\/notas\/wp-json\/wp\/v2\/media?parent=89978"}],"wp:term":[{"taxonomy":"category","embeddable":true,"href":"https:\/\/www.elsindical.com.ar\/notas\/wp-json\/wp\/v2\/categories?post=89978"},{"taxonomy":"post_tag","embeddable":true,"href":"https:\/\/www.elsindical.com.ar\/notas\/wp-json\/wp\/v2\/tags?post=89978"}],"curies":[{"name":"wp","href":"https:\/\/api.w.org\/{rel}","templated":true}]}}