{"id":89947,"date":"2019-09-21T21:41:50","date_gmt":"2019-09-22T00:41:50","guid":{"rendered":"http:\/\/www.elsindical.com.ar\/notas\/?p=89947"},"modified":"2019-09-21T21:41:50","modified_gmt":"2019-09-22T00:41:50","slug":"lomas-de-zamora-ejecutan-a-un-hombre-en-villa-centenario","status":"publish","type":"post","link":"https:\/\/www.elsindical.com.ar\/notas\/lomas-de-zamora-ejecutan-a-un-hombre-en-villa-centenario\/","title":{"rendered":"Lomas de Zamora: Ejecutan a un hombre en Villa Centenario"},"content":{"rendered":"\n<figure class=\"wp-block-image\"><img loading=\"lazy\" decoding=\"async\" width=\"793\" height=\"489\" src=\"http:\/\/www.elsindical.com.ar\/notas\/var\/www\/html\/notas\/wp-content\/uploads\/2019\/09\/asesinato-Villa-Centenario.jpg\" alt=\"\" class=\"wp-image-89948\" srcset=\"https:\/\/www.elsindical.com.ar\/notas\/var\/www\/html\/notas\/wp-content\/uploads\/2019\/09\/asesinato-Villa-Centenario.jpg 793w, https:\/\/www.elsindical.com.ar\/notas\/var\/www\/html\/notas\/wp-content\/uploads\/2019\/09\/asesinato-Villa-Centenario-300x185.jpg 300w, https:\/\/www.elsindical.com.ar\/notas\/var\/www\/html\/notas\/wp-content\/uploads\/2019\/09\/asesinato-Villa-Centenario-768x474.jpg 768w, https:\/\/www.elsindical.com.ar\/notas\/var\/www\/html\/notas\/wp-content\/uploads\/2019\/09\/asesinato-Villa-Centenario-487x300.jpg 487w\" sizes=\"auto, (max-width: 793px) 100vw, 793px\" \/><\/figure>\n\n\n\n<p class=\"wp-block-paragraph\">Sucedi\u00f3 en la localidad bonaerense de  Villa Centenario, en el partido de Lomas de Zamora, y la v\u00edctima del  asesinato ten\u00eda 31 a\u00f1os. El responsable del asesinato fug\u00f3 en un  veh\u00edculo.<\/p>\n\n\n\n<p class=\"wp-block-paragraph\">Un hombre, de 31 a\u00f1os, fue salvajemente ejecutado de un balazo en la  cabeza por un individuo, que se asegura se hallar\u00eda vinculado a la venta  de drogas. El cruento suceso se registr\u00f3 en la localidad bonaerense de Villa Centenario,  en el partido de Lomas de Zamora, y el responsable del tremendo  asesinato logr\u00f3 fugar en un veh\u00edculo, motivo por el que es intensamente  buscado por los pesquisas policiales.<\/p>\n\n\n\n<p class=\"wp-block-paragraph\">Los voceros de los tribunales de Lomas de Zamora revelaron a<strong><em> <\/em><\/strong>que la infortunada v\u00edctima del il\u00edcito fue identificada como <strong>Paulo Daniel Llampas<\/strong>, de 31 a\u00f1os.<\/p>\n\n\n\n<p class=\"wp-block-paragraph\">De acuerdo a lo manifestado por los informantes, el sangriento hecho \nse produjo en el cruce de Campoamor y pasaje N 37, en el citado \ndistrito, en el sur del conurbano provincial, cuando <strong>Llampas<\/strong>\n fue interceptado en la v\u00eda p\u00fablica por un sujeto, que descendi\u00f3 de un \nrodado y de inmediato que le efectu\u00f3 un certero disparo en la regi\u00f3n \ncrananea, provoc\u00e1ndole del fallecimiento casi de manera instant\u00e1nea.<\/p>\n\n\n\n<p class=\"wp-block-paragraph\">Servidores p\u00fablicos de la comisar\u00eda de Villa Centenario (7\u00aa de Lomas de Zamora) realizan diferentes procedimientos con el objetivo de apresar al malviviente.<\/p>\n\n\n\n<p class=\"wp-block-paragraph\">Habitantes del humilde vecindario se\u00f1alaron que el autor del crimen est\u00e1 vinculado al comercio de sustancias ilegales.<\/p>\n\n\n\n<p class=\"wp-block-paragraph\">Intervinieron en la causa, que fue caratulada <strong><em>\u00abHomicidio\u00bb<\/em><\/strong>, los funcionarios pertenecientes al departamento judicial de Lomas de Zamora.<\/p>\n","protected":false},"excerpt":{"rendered":"<p>Sucedi\u00f3 en la localidad bonaerense de Villa Centenario, en el partido de Lomas de Zamora, y la v\u00edctima del asesinato ten\u00eda 31 a\u00f1os. El responsable del asesinato fug\u00f3 en un veh\u00edculo. Un hombre, de 31 a\u00f1os, fue salvajemente ejecutado de un balazo en la cabeza por un individuo, que se asegura se hallar\u00eda vinculado a&hellip;<\/p>\n","protected":false},"author":1,"featured_media":89948,"comment_status":"open","ping_status":"open","sticky":false,"template":"","format":"standard","meta":{"footnotes":""},"categories":[22],"tags":[744,31575,5548],"class_list":["post-89947","post","type-post","status-publish","format-standard","has-post-thumbnail","hentry","category-policiales","tag-lomas-de-zamora","tag-paulo-daniel-llampas","tag-villa-centenario"],"_links":{"self":[{"href":"https:\/\/www.elsindical.com.ar\/notas\/wp-json\/wp\/v2\/posts\/89947","targetHints":{"allow":["GET"]}}],"collection":[{"href":"https:\/\/www.elsindical.com.ar\/notas\/wp-json\/wp\/v2\/posts"}],"about":[{"href":"https:\/\/www.elsindical.com.ar\/notas\/wp-json\/wp\/v2\/types\/post"}],"author":[{"embeddable":true,"href":"https:\/\/www.elsindical.com.ar\/notas\/wp-json\/wp\/v2\/users\/1"}],"replies":[{"embeddable":true,"href":"https:\/\/www.elsindical.com.ar\/notas\/wp-json\/wp\/v2\/comments?post=89947"}],"version-history":[{"count":1,"href":"https:\/\/www.elsindical.com.ar\/notas\/wp-json\/wp\/v2\/posts\/89947\/revisions"}],"predecessor-version":[{"id":89949,"href":"https:\/\/www.elsindical.com.ar\/notas\/wp-json\/wp\/v2\/posts\/89947\/revisions\/89949"}],"wp:featuredmedia":[{"embeddable":true,"href":"https:\/\/www.elsindical.com.ar\/notas\/wp-json\/wp\/v2\/media\/89948"}],"wp:attachment":[{"href":"https:\/\/www.elsindical.com.ar\/notas\/wp-json\/wp\/v2\/media?parent=89947"}],"wp:term":[{"taxonomy":"category","embeddable":true,"href":"https:\/\/www.elsindical.com.ar\/notas\/wp-json\/wp\/v2\/categories?post=89947"},{"taxonomy":"post_tag","embeddable":true,"href":"https:\/\/www.elsindical.com.ar\/notas\/wp-json\/wp\/v2\/tags?post=89947"}],"curies":[{"name":"wp","href":"https:\/\/api.w.org\/{rel}","templated":true}]}}