{"id":89928,"date":"2019-09-20T23:24:58","date_gmt":"2019-09-21T02:24:58","guid":{"rendered":"http:\/\/www.elsindical.com.ar\/notas\/?p=89928"},"modified":"2019-09-20T23:34:33","modified_gmt":"2019-09-21T02:34:33","slug":"ferraresi-visito-la-sociedad-de-fomento-villa-mercado","status":"publish","type":"post","link":"https:\/\/www.elsindical.com.ar\/notas\/ferraresi-visito-la-sociedad-de-fomento-villa-mercado\/","title":{"rendered":"Ferraresi visit\u00f3 la Sociedad de Fomento Villa Mercado"},"content":{"rendered":"\n<figure class=\"wp-block-image\"><img loading=\"lazy\" decoding=\"async\" width=\"1024\" height=\"485\" src=\"http:\/\/www.elsindical.com.ar\/notas\/var\/www\/html\/notas\/wp-content\/uploads\/2019\/09\/Ferra-Villa-Mercado-1-1024x485.jpg\" alt=\"\" class=\"wp-image-89929\" srcset=\"https:\/\/www.elsindical.com.ar\/notas\/var\/www\/html\/notas\/wp-content\/uploads\/2019\/09\/Ferra-Villa-Mercado-1-1024x485.jpg 1024w, https:\/\/www.elsindical.com.ar\/notas\/var\/www\/html\/notas\/wp-content\/uploads\/2019\/09\/Ferra-Villa-Mercado-1-300x142.jpg 300w, https:\/\/www.elsindical.com.ar\/notas\/var\/www\/html\/notas\/wp-content\/uploads\/2019\/09\/Ferra-Villa-Mercado-1-768x364.jpg 768w, https:\/\/www.elsindical.com.ar\/notas\/var\/www\/html\/notas\/wp-content\/uploads\/2019\/09\/Ferra-Villa-Mercado-1-500x237.jpg 500w, https:\/\/www.elsindical.com.ar\/notas\/var\/www\/html\/notas\/wp-content\/uploads\/2019\/09\/Ferra-Villa-Mercado-1.jpg 1033w\" sizes=\"auto, (max-width: 1024px) 100vw, 1024px\" \/><\/figure>\n\n\n\n<p class=\"wp-block-paragraph\">  El intendente de Avellaneda, visit\u00f3 la Sociedad de Fomento Villa Mercado en la calle Elizalde 1132 del barrio de Gerli, para recibir el agradecimiento de las autoridades del club barrial y de los vecinos presentes.<\/p>\n\n\n\n<p class=\"wp-block-paragraph\">Con una concurrida presencia de vecinos, se recibi\u00f3 al intendente y autoridades municipales con un video que muestra el antes y el despu\u00e9s de las obras que se realizaron para mejorar el estado edilicio del edificio, lo que redunda en una mejor calidad y la posibilidad de practicar diversos deportes.<\/p>\n\n\n\n<p class=\"wp-block-paragraph\">La obra m\u00e1s importante fue el techo nuevo que se termin\u00f3 hace unos meses beneficiando a muchos de los chicos y chicas del barrio que realizan actividades como f\u00fatbol, gimnasia, Taekwondo y pat\u00edn.<\/p>\n\n\n\n<p class=\"wp-block-paragraph\">Hizo uso de la palabra la presidenta del club Andrea M\u00e9ndez, quien aprovecho la ocasi\u00f3n para pedirle al intendente los asistan con nuevos vestuarios, reparaci\u00f3n del piso y otras obras menores, continu\u00f3 el  intendente Jorge Ferraresi quien dijo que apuesta a en los pr\u00f3ximos 4 a\u00f1os poder dejar como gesti\u00f3n que Avellaneda cuente con los mejores colegios y clubes de la Argentina, entendiendo que eso nivela no solo posibilidades sino que estimula a los chicos a ser mejores.<\/p>\n\n\n\n<p class=\"wp-block-paragraph\">Los presentes destacaron el estado actual del club y la participaci\u00f3n del municipio en colaborar con un espacio que comparten todos los vecinos.<\/p>\n\n\n\n<ul class=\"wp-block-gallery columns-2 is-cropped wp-block-gallery-1 is-layout-flex wp-block-gallery-is-layout-flex\"><li class=\"blocks-gallery-item\"><figure><img loading=\"lazy\" decoding=\"async\" width=\"1024\" height=\"578\" src=\"http:\/\/www.elsindical.com.ar\/notas\/var\/www\/html\/notas\/wp-content\/uploads\/2019\/09\/Ferra-Villa-Mercado6-1024x578.jpg\" alt=\"\" data-id=\"89930\" data-link=\"http:\/\/www.elsindical.com.ar\/notas\/?attachment_id=89930#main\" class=\"wp-image-89930\" srcset=\"https:\/\/www.elsindical.com.ar\/notas\/var\/www\/html\/notas\/wp-content\/uploads\/2019\/09\/Ferra-Villa-Mercado6-1024x578.jpg 1024w, https:\/\/www.elsindical.com.ar\/notas\/var\/www\/html\/notas\/wp-content\/uploads\/2019\/09\/Ferra-Villa-Mercado6-300x169.jpg 300w, https:\/\/www.elsindical.com.ar\/notas\/var\/www\/html\/notas\/wp-content\/uploads\/2019\/09\/Ferra-Villa-Mercado6-768x433.jpg 768w, https:\/\/www.elsindical.com.ar\/notas\/var\/www\/html\/notas\/wp-content\/uploads\/2019\/09\/Ferra-Villa-Mercado6-500x282.jpg 500w, https:\/\/www.elsindical.com.ar\/notas\/var\/www\/html\/notas\/wp-content\/uploads\/2019\/09\/Ferra-Villa-Mercado6-460x260.jpg 460w, https:\/\/www.elsindical.com.ar\/notas\/var\/www\/html\/notas\/wp-content\/uploads\/2019\/09\/Ferra-Villa-Mercado6.jpg 1033w\" sizes=\"auto, (max-width: 1024px) 100vw, 1024px\" \/><\/figure><\/li><li class=\"blocks-gallery-item\"><figure><img loading=\"lazy\" decoding=\"async\" width=\"1024\" height=\"625\" src=\"http:\/\/www.elsindical.com.ar\/notas\/var\/www\/html\/notas\/wp-content\/uploads\/2019\/09\/Ferra-Villa-Mercado5-1024x625.jpg\" alt=\"\" data-id=\"89931\" data-link=\"http:\/\/www.elsindical.com.ar\/notas\/?attachment_id=89931#main\" class=\"wp-image-89931\" srcset=\"https:\/\/www.elsindical.com.ar\/notas\/var\/www\/html\/notas\/wp-content\/uploads\/2019\/09\/Ferra-Villa-Mercado5-1024x625.jpg 1024w, https:\/\/www.elsindical.com.ar\/notas\/var\/www\/html\/notas\/wp-content\/uploads\/2019\/09\/Ferra-Villa-Mercado5-300x183.jpg 300w, https:\/\/www.elsindical.com.ar\/notas\/var\/www\/html\/notas\/wp-content\/uploads\/2019\/09\/Ferra-Villa-Mercado5-768x468.jpg 768w, https:\/\/www.elsindical.com.ar\/notas\/var\/www\/html\/notas\/wp-content\/uploads\/2019\/09\/Ferra-Villa-Mercado5-492x300.jpg 492w, https:\/\/www.elsindical.com.ar\/notas\/var\/www\/html\/notas\/wp-content\/uploads\/2019\/09\/Ferra-Villa-Mercado5.jpg 1033w\" sizes=\"auto, (max-width: 1024px) 100vw, 1024px\" \/><\/figure><\/li><li class=\"blocks-gallery-item\"><figure><img loading=\"lazy\" decoding=\"async\" width=\"974\" height=\"477\" src=\"http:\/\/www.elsindical.com.ar\/notas\/var\/www\/html\/notas\/wp-content\/uploads\/2019\/09\/Ferra-Villa-Mercado4.jpg\" alt=\"\" data-id=\"89932\" data-link=\"http:\/\/www.elsindical.com.ar\/notas\/?attachment_id=89932#main\" class=\"wp-image-89932\" srcset=\"https:\/\/www.elsindical.com.ar\/notas\/var\/www\/html\/notas\/wp-content\/uploads\/2019\/09\/Ferra-Villa-Mercado4.jpg 974w, https:\/\/www.elsindical.com.ar\/notas\/var\/www\/html\/notas\/wp-content\/uploads\/2019\/09\/Ferra-Villa-Mercado4-300x147.jpg 300w, https:\/\/www.elsindical.com.ar\/notas\/var\/www\/html\/notas\/wp-content\/uploads\/2019\/09\/Ferra-Villa-Mercado4-768x376.jpg 768w, https:\/\/www.elsindical.com.ar\/notas\/var\/www\/html\/notas\/wp-content\/uploads\/2019\/09\/Ferra-Villa-Mercado4-500x245.jpg 500w\" sizes=\"auto, (max-width: 974px) 100vw, 974px\" \/><\/figure><\/li><li class=\"blocks-gallery-item\"><figure><img loading=\"lazy\" decoding=\"async\" width=\"1024\" height=\"545\" src=\"http:\/\/www.elsindical.com.ar\/notas\/var\/www\/html\/notas\/wp-content\/uploads\/2019\/09\/Ferra-Villa-Mercado-3-1024x545.jpg\" alt=\"\" data-id=\"89933\" data-link=\"http:\/\/www.elsindical.com.ar\/notas\/?attachment_id=89933#main\" class=\"wp-image-89933\" srcset=\"https:\/\/www.elsindical.com.ar\/notas\/var\/www\/html\/notas\/wp-content\/uploads\/2019\/09\/Ferra-Villa-Mercado-3-1024x545.jpg 1024w, https:\/\/www.elsindical.com.ar\/notas\/var\/www\/html\/notas\/wp-content\/uploads\/2019\/09\/Ferra-Villa-Mercado-3-300x160.jpg 300w, https:\/\/www.elsindical.com.ar\/notas\/var\/www\/html\/notas\/wp-content\/uploads\/2019\/09\/Ferra-Villa-Mercado-3-768x409.jpg 768w, https:\/\/www.elsindical.com.ar\/notas\/var\/www\/html\/notas\/wp-content\/uploads\/2019\/09\/Ferra-Villa-Mercado-3-500x266.jpg 500w, https:\/\/www.elsindical.com.ar\/notas\/var\/www\/html\/notas\/wp-content\/uploads\/2019\/09\/Ferra-Villa-Mercado-3.jpg 1033w\" sizes=\"auto, (max-width: 1024px) 100vw, 1024px\" \/><\/figure><\/li><li class=\"blocks-gallery-item\"><figure><img loading=\"lazy\" decoding=\"async\" width=\"1024\" height=\"490\" src=\"http:\/\/www.elsindical.com.ar\/notas\/var\/www\/html\/notas\/wp-content\/uploads\/2019\/09\/Ferra-Villa-Mercado-2-1024x490.jpg\" alt=\"\" data-id=\"89934\" data-link=\"http:\/\/www.elsindical.com.ar\/notas\/?attachment_id=89934#main\" class=\"wp-image-89934\" srcset=\"https:\/\/www.elsindical.com.ar\/notas\/var\/www\/html\/notas\/wp-content\/uploads\/2019\/09\/Ferra-Villa-Mercado-2-1024x490.jpg 1024w, https:\/\/www.elsindical.com.ar\/notas\/var\/www\/html\/notas\/wp-content\/uploads\/2019\/09\/Ferra-Villa-Mercado-2-300x143.jpg 300w, https:\/\/www.elsindical.com.ar\/notas\/var\/www\/html\/notas\/wp-content\/uploads\/2019\/09\/Ferra-Villa-Mercado-2-768x367.jpg 768w, https:\/\/www.elsindical.com.ar\/notas\/var\/www\/html\/notas\/wp-content\/uploads\/2019\/09\/Ferra-Villa-Mercado-2-500x239.jpg 500w, https:\/\/www.elsindical.com.ar\/notas\/var\/www\/html\/notas\/wp-content\/uploads\/2019\/09\/Ferra-Villa-Mercado-2.jpg 1033w\" sizes=\"auto, (max-width: 1024px) 100vw, 1024px\" \/><\/figure><\/li><\/ul>\n\n\n\n<iframe loading=\"lazy\" width=\"580\" height=\"420\" src=\"https:\/\/www.youtube.com\/embed\/FWSdCKWs43M\" frameborder=\"0\" allow=\"accelerometer; autoplay; encrypted-media; gyroscope; picture-in-picture\" allowfullscreen><\/iframe>\n","protected":false},"excerpt":{"rendered":"<p>El intendente de Avellaneda, visit\u00f3 la Sociedad de Fomento Villa Mercado en la calle Elizalde 1132 del barrio de Gerli, para recibir el agradecimiento de las autoridades del club barrial y de los vecinos presentes. Con una concurrida presencia de vecinos, se recibi\u00f3 al intendente y autoridades municipales con un video que muestra el antes&hellip;<\/p>\n","protected":false},"author":1,"featured_media":89929,"comment_status":"open","ping_status":"open","sticky":false,"template":"","format":"standard","meta":{"footnotes":""},"categories":[25],"tags":[3618,1662,1833,6275,31573,986],"class_list":["post-89928","post","type-post","status-publish","format-standard","has-post-thumbnail","hentry","category-sociedad","tag-clubes","tag-gerli","tag-intendente","tag-intendente-jorge-ferraresi","tag-sociedad-de-fomento-villa-mercado","tag-vecinos"],"_links":{"self":[{"href":"https:\/\/www.elsindical.com.ar\/notas\/wp-json\/wp\/v2\/posts\/89928","targetHints":{"allow":["GET"]}}],"collection":[{"href":"https:\/\/www.elsindical.com.ar\/notas\/wp-json\/wp\/v2\/posts"}],"about":[{"href":"https:\/\/www.elsindical.com.ar\/notas\/wp-json\/wp\/v2\/types\/post"}],"author":[{"embeddable":true,"href":"https:\/\/www.elsindical.com.ar\/notas\/wp-json\/wp\/v2\/users\/1"}],"replies":[{"embeddable":true,"href":"https:\/\/www.elsindical.com.ar\/notas\/wp-json\/wp\/v2\/comments?post=89928"}],"version-history":[{"count":2,"href":"https:\/\/www.elsindical.com.ar\/notas\/wp-json\/wp\/v2\/posts\/89928\/revisions"}],"predecessor-version":[{"id":89936,"href":"https:\/\/www.elsindical.com.ar\/notas\/wp-json\/wp\/v2\/posts\/89928\/revisions\/89936"}],"wp:featuredmedia":[{"embeddable":true,"href":"https:\/\/www.elsindical.com.ar\/notas\/wp-json\/wp\/v2\/media\/89929"}],"wp:attachment":[{"href":"https:\/\/www.elsindical.com.ar\/notas\/wp-json\/wp\/v2\/media?parent=89928"}],"wp:term":[{"taxonomy":"category","embeddable":true,"href":"https:\/\/www.elsindical.com.ar\/notas\/wp-json\/wp\/v2\/categories?post=89928"},{"taxonomy":"post_tag","embeddable":true,"href":"https:\/\/www.elsindical.com.ar\/notas\/wp-json\/wp\/v2\/tags?post=89928"}],"curies":[{"name":"wp","href":"https:\/\/api.w.org\/{rel}","templated":true}]}}