{"id":89865,"date":"2019-09-17T08:34:26","date_gmt":"2019-09-17T11:34:26","guid":{"rendered":"http:\/\/www.elsindical.com.ar\/notas\/?p=89865"},"modified":"2019-09-17T08:34:31","modified_gmt":"2019-09-17T11:34:31","slug":"alquileres-subieron-12-en-tres-meses","status":"publish","type":"post","link":"https:\/\/www.elsindical.com.ar\/notas\/alquileres-subieron-12-en-tres-meses\/","title":{"rendered":"Alquileres subieron 12% en tres meses"},"content":{"rendered":"\n<figure class=\"wp-block-image\"><img loading=\"lazy\" decoding=\"async\" width=\"630\" height=\"356\" src=\"http:\/\/www.elsindical.com.ar\/notas\/var\/www\/html\/notas\/wp-content\/uploads\/2019\/04\/alquileres.jpg\" alt=\"\" class=\"wp-image-86428\" srcset=\"https:\/\/www.elsindical.com.ar\/notas\/var\/www\/html\/notas\/wp-content\/uploads\/2019\/04\/alquileres.jpg 630w, https:\/\/www.elsindical.com.ar\/notas\/var\/www\/html\/notas\/wp-content\/uploads\/2019\/04\/alquileres-300x170.jpg 300w, https:\/\/www.elsindical.com.ar\/notas\/var\/www\/html\/notas\/wp-content\/uploads\/2019\/04\/alquileres-500x283.jpg 500w, https:\/\/www.elsindical.com.ar\/notas\/var\/www\/html\/notas\/wp-content\/uploads\/2019\/04\/alquileres-460x260.jpg 460w\" sizes=\"auto, (max-width: 630px) 100vw, 630px\" \/><\/figure>\n\n\n\n<p>La inflaci\u00f3n acumulada en ese periodo fue de 9%. En promedio, un mono ambiente en Capital Federal cuesta $13.659 promedio.\u00a0 <\/p>\n\n\n\n<p>La inflaci\u00f3n de junio fue del 2,7%, la de julio fue del 2,2% y la de  agosto fue del 4%, pero el precio de los alquileres de departamentos en  la ciudad de Buenos Aires subi\u00f3 hasta 12% promedio en esos tres meses.  As\u00ed lo asegura un relevamiento del Centro de Estudios Econ\u00f3micos y  Sociales Scalabrini Ortiz (CESO) que al compararlo con el \u00cdndice de  Precios al Consumidor que publica mensualmente el Indec, evidencia la  disparada de los alquileres de al menos tres puntos porcentuales.<\/p>\n\n\n\n<p>De acuerdo con la medici\u00f3n, un monoambiente en Capital Federal  cuesta $13.659 en promedio, un 7% superior que en agosto. A su vez, las  ofertas de alquileres con 1 dormitorio aumentaron de $15.262 a $16.688  en tres meses, un aumento de 9% acumulado. Las unidades de 2  dormitorios, que se encontraban a $21.206 en promedio en junio, en la  actualidad llegaron a $23.826, lo que equivale a un aumento acumulado de  12% en un trimestre.<\/p>\n\n\n\n<p><em>\u00abSi bien alquilar puede implicar problemas a la hora de obtener \ngarant\u00edas, pagar las comisiones o las expensas, el costo del alquiler es\n la primera -y en muchos casos la mayor- barrera de ingreso\u00bb,<\/em> \nindic\u00f3 el informe del CESO. En cuanto a los gastos del hogar, se agrega \nque el ente estad\u00edsitico oficial inform\u00f3 que la categor\u00eda que m\u00e1s subi\u00f3 \nen agosto fue Equipamiento del Hogar, con 6,1%; mientras que Vivienda, \nagua, electricidad, gas y otros combustibles, se increment\u00f3 2,1%.<\/p>\n\n\n\n<p><em>\u00abEn la ciudad los altos precios impiden a gran parte de la  poblaci\u00f3n alquilar siquiera un monoambiente medio, empujando a estos  ciudadanos a zonas con infraestructura y servicios deficientes\u00bb, <\/em>agregaron.  El estudio del CESO aclar\u00f3 que estos precios no incluyen expensas, las  cuales alcanzan en promedio el 24% del costo de alquiler, y que tambi\u00e9n  se encarecieron luego de la devaluaci\u00f3n de la moneda tras las elecciones  primarias del 11 de agosto, las PASO.<\/p>\n\n\n\n<p>Si se tiene en cuenta la relaci\u00f3n entre el precio y la cantidad de \nmetros, los departamentos de entre 20 y 40 m2 poseen un costo promedio \nde $13.933 y los inmuebles de entre 61 y 80 m2 poseen un costo promedio \nde $25.723.<\/p>\n","protected":false},"excerpt":{"rendered":"<p>La inflaci\u00f3n acumulada en ese periodo fue de 9%. En promedio, un mono ambiente en Capital Federal cuesta $13.659 promedio.\u00a0 La inflaci\u00f3n de junio fue del 2,7%, la de julio fue del 2,2% y la de agosto fue del 4%, pero el precio de los alquileres de departamentos en la ciudad de Buenos Aires subi\u00f3&hellip;<\/p>\n","protected":false},"author":1,"featured_media":86428,"comment_status":"open","ping_status":"open","sticky":false,"template":"","format":"standard","meta":{"footnotes":""},"categories":[9],"tags":[2115,31292,22023,2200],"class_list":["post-89865","post","type-post","status-publish","format-standard","has-post-thumbnail","hentry","category-economia","tag-alquileres","tag-ceso","tag-economia","tag-indec"],"_links":{"self":[{"href":"https:\/\/www.elsindical.com.ar\/notas\/wp-json\/wp\/v2\/posts\/89865","targetHints":{"allow":["GET"]}}],"collection":[{"href":"https:\/\/www.elsindical.com.ar\/notas\/wp-json\/wp\/v2\/posts"}],"about":[{"href":"https:\/\/www.elsindical.com.ar\/notas\/wp-json\/wp\/v2\/types\/post"}],"author":[{"embeddable":true,"href":"https:\/\/www.elsindical.com.ar\/notas\/wp-json\/wp\/v2\/users\/1"}],"replies":[{"embeddable":true,"href":"https:\/\/www.elsindical.com.ar\/notas\/wp-json\/wp\/v2\/comments?post=89865"}],"version-history":[{"count":1,"href":"https:\/\/www.elsindical.com.ar\/notas\/wp-json\/wp\/v2\/posts\/89865\/revisions"}],"predecessor-version":[{"id":89866,"href":"https:\/\/www.elsindical.com.ar\/notas\/wp-json\/wp\/v2\/posts\/89865\/revisions\/89866"}],"wp:featuredmedia":[{"embeddable":true,"href":"https:\/\/www.elsindical.com.ar\/notas\/wp-json\/wp\/v2\/media\/86428"}],"wp:attachment":[{"href":"https:\/\/www.elsindical.com.ar\/notas\/wp-json\/wp\/v2\/media?parent=89865"}],"wp:term":[{"taxonomy":"category","embeddable":true,"href":"https:\/\/www.elsindical.com.ar\/notas\/wp-json\/wp\/v2\/categories?post=89865"},{"taxonomy":"post_tag","embeddable":true,"href":"https:\/\/www.elsindical.com.ar\/notas\/wp-json\/wp\/v2\/tags?post=89865"}],"curies":[{"name":"wp","href":"https:\/\/api.w.org\/{rel}","templated":true}]}}