{"id":89862,"date":"2019-09-17T01:04:26","date_gmt":"2019-09-17T04:04:26","guid":{"rendered":"http:\/\/www.elsindical.com.ar\/notas\/?p=89862"},"modified":"2019-09-17T01:32:30","modified_gmt":"2019-09-17T04:32:30","slug":"los-trabajadores-de-ansabo-vamos-a-poner-a-producir-la-fabrica-porque-no-vamos-a-permitir-el-hambre-de-nuestras-familias","status":"publish","type":"post","link":"https:\/\/www.elsindical.com.ar\/notas\/los-trabajadores-de-ansabo-vamos-a-poner-a-producir-la-fabrica-porque-no-vamos-a-permitir-el-hambre-de-nuestras-familias\/","title":{"rendered":"Los trabajadores de Ansabo vamos a poner a producir la f\u00e1brica porque no vamos a permitir el hambre de nuestras familias"},"content":{"rendered":"\n<figure class=\"wp-block-image\"><img loading=\"lazy\" decoding=\"async\" width=\"552\" height=\"350\" src=\"http:\/\/www.elsindical.com.ar\/notas\/var\/www\/html\/notas\/wp-content\/uploads\/2019\/09\/trabajadores-ANSABO.jpg\" alt=\"\" class=\"wp-image-89863\" srcset=\"https:\/\/www.elsindical.com.ar\/notas\/var\/www\/html\/notas\/wp-content\/uploads\/2019\/09\/trabajadores-ANSABO.jpg 552w, https:\/\/www.elsindical.com.ar\/notas\/var\/www\/html\/notas\/wp-content\/uploads\/2019\/09\/trabajadores-ANSABO-300x190.jpg 300w, https:\/\/www.elsindical.com.ar\/notas\/var\/www\/html\/notas\/wp-content\/uploads\/2019\/09\/trabajadores-ANSABO-473x300.jpg 473w\" sizes=\"auto, (max-width: 552px) 100vw, 552px\" \/><\/figure>\n\n\n\n<p> \u00daLTIMO MOMENTO <strong><br>Los trabajadores de Ansabo vamos a poner a producir la f\u00e1brica porque no vamos a permitir el hambre de nuestras familias\u00a0\u00a1Que Martiniano y Vidal se hagan cargo!<\/strong><br>En  el d\u00eda de hoy el Ministerio nos inform\u00f3 que la quiebra pedida por la  AFIP fue aprobada por el juez, una quiebra que, como venimos  denunciando, es producto del vaciamiento y las diversas maniobras  fraudulentas que la familia Angeletti ha realizado durante a\u00f1os. No solo  han estafado a los trabajadores sino tambi\u00e9n al Estado, con todo tipo  de evasi\u00f3n impositiva.\u00a0<br><\/p>\n\n\n\n<p>Luego\n de dos meses de lucha no hemos tenido ninguna respuesta de parte de la \nempresa ni de los gobiernos de Martiniano Molina y Mar\u00eda Eugenia Vidal, \ncomo as\u00ed tampoco nuestro sindicato ha convocado a un plan de lucha, como\n se lo hemos exigido. Del lado de ellos abunda la indiferencia, del \nnuestro somos cada vez m\u00e1s familias que pasamos hambre y necesidades \u00a1ya\n no podemos esperar m\u00e1s!Empujados\n por esta situaci\u00f3n y convencidos de que hay que defender nuestra fuente\n de trabajo, hemos decidido en asamblea arrancar la planificaci\u00f3n para \nreactivar nuestra f\u00e1brica y llevar el plato de comida a nuestras \nfamilias, que apoyan nuestra decisi\u00f3n.<br><br>Exigimos a Martiniano \nMolina y a Mar\u00eda Eugenia Vidal que se hagan cargo de esta situaci\u00f3n y \nnos brinden el apoyo econ\u00f3mico para reactivar la f\u00e1brica, levantando el \ncorte de los servicios de luz y gas, aportando para la compra de materia\n prima y la refacci\u00f3n de roturas que ocasion\u00f3 el vaciamiento patronal. \nLos trabajadores queremos trabajar y sabemos c\u00f3mo hacerlo, y lo vamos a \nhacer porque vamos a defender la vida y el futuro de nuestros hijos e \nhijas. Con el apoyo del Estado estamos seguros de poder generar nuevos \npuestos de trabajo para la comunidad y producir al servicio de las \nnecesidades de la poblaci\u00f3n.&nbsp;<br>No\n vamos a permitir ninguna f\u00e1brica cerrada mientras en todo el pa\u00eds miles\n de familias caen en la pobreza y la desocupaci\u00f3n. No estamos solos, nos\n apoyan nuestros vecinos de Quilmes, organizaciones solidarias y la \nCoordinadora de Trabajadores en Lucha de la zona sur del GBA, a la cual \nestamos orgullosos de pertenecer. Porque si tocan a uno nos tocan a \ntodos. Pedimos que nos apoyen en nuestra lucha en todo el pa\u00eds y \nsolicitamos que aporten a nuestro fondo de lucha para poder iniciar la \nproducci\u00f3n y poder llevar el pan a nuestra mesas.&nbsp;<strong>\u00a1Familias en la calle nunca m\u00e1s, no m\u00e1s cierres de f\u00e1bricas!<\/strong><br><strong>#AnsaboEnLucha <br>#UnidadDeLosTrabajadores <br>#FamiliasEnLaCalleNuncaMas<\/strong><br>Contacto: Joni 1138078996<br><a href=\"https:\/\/www.facebook.com\/115227413180562\/posts\/126272748742695\/\" target=\"_blank\" rel=\"noreferrer noopener\">https:\/\/www.facebook.com\/115227413180562\/posts\/126272748742695\/<\/a><\/p>\n","protected":false},"excerpt":{"rendered":"<p>\u00daLTIMO MOMENTO Los trabajadores de Ansabo vamos a poner a producir la f\u00e1brica porque no vamos a permitir el hambre de nuestras familias\u00a0\u00a1Que Martiniano y Vidal se hagan cargo!En el d\u00eda de hoy el Ministerio nos inform\u00f3 que la quiebra pedida por la AFIP fue aprobada por el juez, una quiebra que, como venimos denunciando,&hellip;<\/p>\n","protected":false},"author":1,"featured_media":89863,"comment_status":"open","ping_status":"open","sticky":false,"template":"","format":"standard","meta":{"footnotes":""},"categories":[16],"tags":[69,7265,22674,125],"class_list":["post-89862","post","type-post","status-publish","format-standard","has-post-thumbnail","hentry","category-gremiales","tag-afip","tag-maria-eugenia-vidal","tag-martiniano-molina","tag-trabajadores"],"_links":{"self":[{"href":"https:\/\/www.elsindical.com.ar\/notas\/wp-json\/wp\/v2\/posts\/89862","targetHints":{"allow":["GET"]}}],"collection":[{"href":"https:\/\/www.elsindical.com.ar\/notas\/wp-json\/wp\/v2\/posts"}],"about":[{"href":"https:\/\/www.elsindical.com.ar\/notas\/wp-json\/wp\/v2\/types\/post"}],"author":[{"embeddable":true,"href":"https:\/\/www.elsindical.com.ar\/notas\/wp-json\/wp\/v2\/users\/1"}],"replies":[{"embeddable":true,"href":"https:\/\/www.elsindical.com.ar\/notas\/wp-json\/wp\/v2\/comments?post=89862"}],"version-history":[{"count":1,"href":"https:\/\/www.elsindical.com.ar\/notas\/wp-json\/wp\/v2\/posts\/89862\/revisions"}],"predecessor-version":[{"id":89864,"href":"https:\/\/www.elsindical.com.ar\/notas\/wp-json\/wp\/v2\/posts\/89862\/revisions\/89864"}],"wp:featuredmedia":[{"embeddable":true,"href":"https:\/\/www.elsindical.com.ar\/notas\/wp-json\/wp\/v2\/media\/89863"}],"wp:attachment":[{"href":"https:\/\/www.elsindical.com.ar\/notas\/wp-json\/wp\/v2\/media?parent=89862"}],"wp:term":[{"taxonomy":"category","embeddable":true,"href":"https:\/\/www.elsindical.com.ar\/notas\/wp-json\/wp\/v2\/categories?post=89862"},{"taxonomy":"post_tag","embeddable":true,"href":"https:\/\/www.elsindical.com.ar\/notas\/wp-json\/wp\/v2\/tags?post=89862"}],"curies":[{"name":"wp","href":"https:\/\/api.w.org\/{rel}","templated":true}]}}