{"id":89856,"date":"2019-09-17T00:50:07","date_gmt":"2019-09-17T03:50:07","guid":{"rendered":"http:\/\/www.elsindical.com.ar\/notas\/?p=89856"},"modified":"2019-09-17T00:50:07","modified_gmt":"2019-09-17T03:50:07","slug":"pablo-flores-fue-electo-secretario-general-de-la-mesa-directiva-nacional-de-aefip","status":"publish","type":"post","link":"https:\/\/www.elsindical.com.ar\/notas\/pablo-flores-fue-electo-secretario-general-de-la-mesa-directiva-nacional-de-aefip\/","title":{"rendered":"Pablo Flores fue electo secretario general de la Mesa Directiva Nacional de AEFIP"},"content":{"rendered":"\n<figure class=\"wp-block-image\"><img loading=\"lazy\" decoding=\"async\" width=\"1024\" height=\"690\" src=\"http:\/\/www.elsindical.com.ar\/notas\/var\/www\/html\/notas\/wp-content\/uploads\/2019\/09\/Pablo-Flores-y-Hugo-\u00c1lvarez-1024x690.jpeg\" alt=\"\" class=\"wp-image-89857\" srcset=\"https:\/\/www.elsindical.com.ar\/notas\/var\/www\/html\/notas\/wp-content\/uploads\/2019\/09\/Pablo-Flores-y-Hugo-\u00c1lvarez-1024x690.jpeg 1024w, https:\/\/www.elsindical.com.ar\/notas\/var\/www\/html\/notas\/wp-content\/uploads\/2019\/09\/Pablo-Flores-y-Hugo-\u00c1lvarez-300x202.jpeg 300w, https:\/\/www.elsindical.com.ar\/notas\/var\/www\/html\/notas\/wp-content\/uploads\/2019\/09\/Pablo-Flores-y-Hugo-\u00c1lvarez-768x517.jpeg 768w, https:\/\/www.elsindical.com.ar\/notas\/var\/www\/html\/notas\/wp-content\/uploads\/2019\/09\/Pablo-Flores-y-Hugo-\u00c1lvarez-445x300.jpeg 445w, https:\/\/www.elsindical.com.ar\/notas\/var\/www\/html\/notas\/wp-content\/uploads\/2019\/09\/Pablo-Flores-y-Hugo-\u00c1lvarez.jpeg 1280w\" sizes=\"auto, (max-width: 1024px) 100vw, 1024px\" \/><\/figure>\n\n\n\n<p>El actual secretario general de la Seccional Capital de AEFIP, Pablo \nFlores, fue electo este lunes como nuevo conductor del gremio a nivel \nnacional por los pr\u00f3ximos cuatro a\u00f1os.<\/p>\n\n\n\n<p>Flores se convirti\u00f3 en flamante titular de la Mesa Directiva Nacional\n de la Asociaci\u00f3n de Empleados Fiscales e Ingresos P\u00fablicos (AEFIP) por \nel voto de los consejeros y consejeras en representaci\u00f3n de todas las \nseccionales que componen el gremio.<\/p>\n\n\n\n<p>\u00abHoy comenz\u00f3 una nueva etapa en la que los trabajadores ser\u00e1n los \nverdaderos protagonistas de la transformaci\u00f3n de la organizaci\u00f3n. Vamos a\n trabajar por un sindicato participativo y federal, en defensa de los \nintereses reales de todos los compa\u00f1eros y compa\u00f1eras\u00bb, destac\u00f3 el \ndirigente.<\/p>\n\n\n\n<p>La elecci\u00f3n se realiz\u00f3 en horas de la ma\u00f1ana en el sal\u00f3n auditorio \ndel gremio que nuclea a los trabajadores de la Administraci\u00f3n Federal de\n Ingresos P\u00fablicos (AFIP), ubicado en Alsina 1440 de la Capital Federal.<\/p>\n\n\n\n<p>El nuevo l\u00edder de la AEFIP encabez\u00f3 la Lista Azul y Blanco secundado \npor Hugo \u00c1lvarez de la Seccional AEFIP Bah\u00eda Blanca, electo para \nconducir la secretar\u00eda adjunta de la organizaci\u00f3n sindical.<\/p>\n\n\n\n<p>Un sello distintivo de la flamante Mesa Directiva Nacional es su \ncomposici\u00f3n federal, con participaci\u00f3n de la totalidad de las \nseccionales en los distintos cargos de las secretar\u00edas y vocal\u00edas.<\/p>\n\n\n\n<p>Flores reemplazar\u00e1 al secretario general saliente Guillermo Imbrogno.\n La nueva conducci\u00f3n asumir\u00e1 su mandato el pr\u00f3ximo 2 de diciembre.<\/p>\n\n\n\n<p>En tanto, en la Seccional Capital, Mariano Dahlman ocupar\u00e1 el lugar  de Flores en la secretar\u00eda general, mientras que Patricia Gonz\u00e1lez se  convertir\u00e1 en secretaria adjunta, por decisi\u00f3n de los afiliados en la  elecci\u00f3n de autoridades realizada el pasado 6 de junio.<\/p>\n\n\n\n<ul class=\"wp-block-gallery columns-2 is-cropped wp-block-gallery-1 is-layout-flex wp-block-gallery-is-layout-flex\"><li class=\"blocks-gallery-item\"><figure><img loading=\"lazy\" decoding=\"async\" width=\"1024\" height=\"571\" src=\"http:\/\/www.elsindical.com.ar\/notas\/var\/www\/html\/notas\/wp-content\/uploads\/2019\/09\/Elecciones-Mesa-Directiva-Nacional-AEFIP-2019-1024x571.jpeg\" alt=\"\" data-id=\"89858\" data-link=\"http:\/\/www.elsindical.com.ar\/notas\/?attachment_id=89858#main\" class=\"wp-image-89858\" srcset=\"https:\/\/www.elsindical.com.ar\/notas\/var\/www\/html\/notas\/wp-content\/uploads\/2019\/09\/Elecciones-Mesa-Directiva-Nacional-AEFIP-2019-1024x571.jpeg 1024w, https:\/\/www.elsindical.com.ar\/notas\/var\/www\/html\/notas\/wp-content\/uploads\/2019\/09\/Elecciones-Mesa-Directiva-Nacional-AEFIP-2019-300x167.jpeg 300w, https:\/\/www.elsindical.com.ar\/notas\/var\/www\/html\/notas\/wp-content\/uploads\/2019\/09\/Elecciones-Mesa-Directiva-Nacional-AEFIP-2019-768x429.jpeg 768w, https:\/\/www.elsindical.com.ar\/notas\/var\/www\/html\/notas\/wp-content\/uploads\/2019\/09\/Elecciones-Mesa-Directiva-Nacional-AEFIP-2019-500x279.jpeg 500w, https:\/\/www.elsindical.com.ar\/notas\/var\/www\/html\/notas\/wp-content\/uploads\/2019\/09\/Elecciones-Mesa-Directiva-Nacional-AEFIP-2019.jpeg 1034w\" sizes=\"auto, (max-width: 1024px) 100vw, 1024px\" \/><\/figure><\/li><li class=\"blocks-gallery-item\"><figure><img loading=\"lazy\" decoding=\"async\" width=\"1024\" height=\"753\" src=\"http:\/\/www.elsindical.com.ar\/notas\/var\/www\/html\/notas\/wp-content\/uploads\/2019\/09\/Flores-y-\u00c1lvarez-1024x753.jpeg\" alt=\"\" data-id=\"89859\" data-link=\"http:\/\/www.elsindical.com.ar\/notas\/?attachment_id=89859#main\" class=\"wp-image-89859\" srcset=\"https:\/\/www.elsindical.com.ar\/notas\/var\/www\/html\/notas\/wp-content\/uploads\/2019\/09\/Flores-y-\u00c1lvarez-1024x753.jpeg 1024w, https:\/\/www.elsindical.com.ar\/notas\/var\/www\/html\/notas\/wp-content\/uploads\/2019\/09\/Flores-y-\u00c1lvarez-300x221.jpeg 300w, https:\/\/www.elsindical.com.ar\/notas\/var\/www\/html\/notas\/wp-content\/uploads\/2019\/09\/Flores-y-\u00c1lvarez-768x565.jpeg 768w, https:\/\/www.elsindical.com.ar\/notas\/var\/www\/html\/notas\/wp-content\/uploads\/2019\/09\/Flores-y-\u00c1lvarez-408x300.jpeg 408w, https:\/\/www.elsindical.com.ar\/notas\/var\/www\/html\/notas\/wp-content\/uploads\/2019\/09\/Flores-y-\u00c1lvarez.jpeg 1280w\" sizes=\"auto, (max-width: 1024px) 100vw, 1024px\" \/><\/figure><\/li><li class=\"blocks-gallery-item\"><figure><img loading=\"lazy\" decoding=\"async\" width=\"1024\" height=\"699\" src=\"http:\/\/www.elsindical.com.ar\/notas\/var\/www\/html\/notas\/wp-content\/uploads\/2019\/09\/Pablo-Flores-durante-la-elecci\u00f3n-de-la-nueva-Mesa-Directiva-Nacional-de-AEFIP-1024x699.jpeg\" alt=\"\" data-id=\"89860\" data-link=\"http:\/\/www.elsindical.com.ar\/notas\/?attachment_id=89860#main\" class=\"wp-image-89860\" srcset=\"https:\/\/www.elsindical.com.ar\/notas\/var\/www\/html\/notas\/wp-content\/uploads\/2019\/09\/Pablo-Flores-durante-la-elecci\u00f3n-de-la-nueva-Mesa-Directiva-Nacional-de-AEFIP-1024x699.jpeg 1024w, https:\/\/www.elsindical.com.ar\/notas\/var\/www\/html\/notas\/wp-content\/uploads\/2019\/09\/Pablo-Flores-durante-la-elecci\u00f3n-de-la-nueva-Mesa-Directiva-Nacional-de-AEFIP-300x205.jpeg 300w, https:\/\/www.elsindical.com.ar\/notas\/var\/www\/html\/notas\/wp-content\/uploads\/2019\/09\/Pablo-Flores-durante-la-elecci\u00f3n-de-la-nueva-Mesa-Directiva-Nacional-de-AEFIP-768x524.jpeg 768w, https:\/\/www.elsindical.com.ar\/notas\/var\/www\/html\/notas\/wp-content\/uploads\/2019\/09\/Pablo-Flores-durante-la-elecci\u00f3n-de-la-nueva-Mesa-Directiva-Nacional-de-AEFIP-439x300.jpeg 439w, https:\/\/www.elsindical.com.ar\/notas\/var\/www\/html\/notas\/wp-content\/uploads\/2019\/09\/Pablo-Flores-durante-la-elecci\u00f3n-de-la-nueva-Mesa-Directiva-Nacional-de-AEFIP.jpeg 1280w\" sizes=\"auto, (max-width: 1024px) 100vw, 1024px\" \/><\/figure><\/li><\/ul>\n","protected":false},"excerpt":{"rendered":"<p>El actual secretario general de la Seccional Capital de AEFIP, Pablo Flores, fue electo este lunes como nuevo conductor del gremio a nivel nacional por los pr\u00f3ximos cuatro a\u00f1os. Flores se convirti\u00f3 en flamante titular de la Mesa Directiva Nacional de la Asociaci\u00f3n de Empleados Fiscales e Ingresos P\u00fablicos (AEFIP) por el voto de los&hellip;<\/p>\n","protected":false},"author":1,"featured_media":89857,"comment_status":"open","ping_status":"open","sticky":false,"template":"","format":"standard","meta":{"footnotes":""},"categories":[16],"tags":[22529,69,244,7433],"class_list":["post-89856","post","type-post","status-publish","format-standard","has-post-thumbnail","hentry","category-gremiales","tag-aefip","tag-afip","tag-elecciones","tag-pablo-flores"],"_links":{"self":[{"href":"https:\/\/www.elsindical.com.ar\/notas\/wp-json\/wp\/v2\/posts\/89856","targetHints":{"allow":["GET"]}}],"collection":[{"href":"https:\/\/www.elsindical.com.ar\/notas\/wp-json\/wp\/v2\/posts"}],"about":[{"href":"https:\/\/www.elsindical.com.ar\/notas\/wp-json\/wp\/v2\/types\/post"}],"author":[{"embeddable":true,"href":"https:\/\/www.elsindical.com.ar\/notas\/wp-json\/wp\/v2\/users\/1"}],"replies":[{"embeddable":true,"href":"https:\/\/www.elsindical.com.ar\/notas\/wp-json\/wp\/v2\/comments?post=89856"}],"version-history":[{"count":1,"href":"https:\/\/www.elsindical.com.ar\/notas\/wp-json\/wp\/v2\/posts\/89856\/revisions"}],"predecessor-version":[{"id":89861,"href":"https:\/\/www.elsindical.com.ar\/notas\/wp-json\/wp\/v2\/posts\/89856\/revisions\/89861"}],"wp:featuredmedia":[{"embeddable":true,"href":"https:\/\/www.elsindical.com.ar\/notas\/wp-json\/wp\/v2\/media\/89857"}],"wp:attachment":[{"href":"https:\/\/www.elsindical.com.ar\/notas\/wp-json\/wp\/v2\/media?parent=89856"}],"wp:term":[{"taxonomy":"category","embeddable":true,"href":"https:\/\/www.elsindical.com.ar\/notas\/wp-json\/wp\/v2\/categories?post=89856"},{"taxonomy":"post_tag","embeddable":true,"href":"https:\/\/www.elsindical.com.ar\/notas\/wp-json\/wp\/v2\/tags?post=89856"}],"curies":[{"name":"wp","href":"https:\/\/api.w.org\/{rel}","templated":true}]}}