{"id":8984,"date":"2010-08-27T01:36:59","date_gmt":"2010-08-27T04:36:59","guid":{"rendered":"http:\/\/www.elsindical.com.ar\/notas\/?p=8984"},"modified":"2010-08-27T01:36:59","modified_gmt":"2010-08-27T04:36:59","slug":"lujan28-detenidos-por-distintos-delitos-en-conocidas-villas-por-su-peligrosidad","status":"publish","type":"post","link":"https:\/\/www.elsindical.com.ar\/notas\/lujan28-detenidos-por-distintos-delitos-en-conocidas-villas-por-su-peligrosidad\/","title":{"rendered":"Luj\u00e1n:28 detenidos por distintos delitos en conocidas villas por su peligrosidad"},"content":{"rendered":"<p style=\"text-align: justify;\"><em><a href=\"http:\/\/www.elsindical.com.ar\/notas\/var\/www\/html\/notas\/wp-content\/uploads\/2010\/08\/detenidos-operativo-Maquini.jpg\"><img loading=\"lazy\" decoding=\"async\" class=\"alignleft size-medium wp-image-8985\" title=\"detenidos-operativo-Maquini\" src=\"http:\/\/www.elsindical.com.ar\/notas\/var\/www\/html\/notas\/wp-content\/uploads\/2010\/08\/detenidos-operativo-Maquini-300x224.jpg\" alt=\"\" width=\"300\" height=\"224\" srcset=\"https:\/\/www.elsindical.com.ar\/notas\/var\/www\/html\/notas\/wp-content\/uploads\/2010\/08\/detenidos-operativo-Maquini-300x224.jpg 300w, https:\/\/www.elsindical.com.ar\/notas\/var\/www\/html\/notas\/wp-content\/uploads\/2010\/08\/detenidos-operativo-Maquini.jpg 443w\" sizes=\"auto, (max-width: 300px) 100vw, 300px\" \/><\/a>Detuvieron a 28 personas y demoraron a otras 32 en un mega-operativo que se concret\u00f3 en cuatro villas de emergencia de Lan\u00fas. Secuestraron unas 15 motos, autos con pedido de captura, drogas y armas de fuego.<br \/>\n<\/em><br \/>\nTodo comenz\u00f3 a las 06:30 hs. de ayer, seg\u00fan explic\u00f3 Edgardo Garc\u00eda de la Jefatura Distrital de Lan\u00fas en las villas \u00abSasetru\u00bb, \u00abLuj\u00e1n\u00bb, \u00abMaquinita\u00bb y \u00abSapito\u00bb.<\/p>\n<p>Los aprehendidos, de los cuales seis ten\u00edan pedido de captura, est\u00e1n acusados por venta de drogas, abuso sexual, privaci\u00f3n ilegal de la libertad, robo, lesiones y tentativa de homicidios. Algunos estaban armados al momento de la detenci\u00f3n, pero debido a la cantidad de efectivos policiales, no se resistieron, motivo por el que no se registr\u00f3 ning\u00fan tipo de incidente.<\/p>\n<p>\u00abSe secuestraron varias motos y autos con pedido de secuestro, un kilo de marihuana, 300 dosis de paco, y siete envoltorios con 230 gramos de coca\u00edna\u00bb, indicaron desde la dependencia a este medio.<\/p>\n<p>Del mega-operativo participaron unos 300 efectivos de la Jefatura de Lan\u00fas, la Polic\u00eda Buenos Aires 2, Infanter\u00eda y Caballer\u00eda. Adem\u00e1s, prestaron servicio personal de Tr\u00e1nsito y Sanidad de la Municipalidad.<\/p>\n<p>El jefe de la Polic\u00eda bonaerense, Juan Carlos Paggi, explic\u00f3: \u00abParticularmente, con el tema de las motos estamos realizando operativos contra motochorros, interceptando a todas aquellas que est\u00e1n circulando de forma sospechosa, con m\u00e1s de dos personas a bordo\u00bb.<\/p>\n<p>El jefe de la Departamental Lan\u00fas, comisario Guillermo Britos, explic\u00f3 entre los detenidos se encuentra dos \u00abmotochorros\u00bb, a quienes se sorprendi\u00f3 en momentos en que asaltaban una verduler\u00eda de la zona.<\/p>\n<p>El ministro de Justicia y Seguridad bonaerense, Ricardo Casal, explic\u00f3 que los operativos comenzaron como medidas preventivas vinculadas a la seguridad bancaria y consider\u00f3 que \u00abel delito muta con mucha facilidad\u00bb.<\/p>\n<p>\u00abEl gobernador (Daniel Scioli) dio la orden inmediata de que el Banco Provincia empiece a cumplir (medidas de seguridad bancaria)\u00bb, entre ellas \u00ablos inhibidores de celulares, las c\u00e1maras de seguridad, las barreras visuales \u2014que son muy importantes\u2014 m\u00e1s la capacitaci\u00f3n que ya empez\u00f3\u00bb, dijo Ministro.<\/p>\n<p>Garc\u00eda, en ese marco, anticip\u00f3 que se realizar\u00e1n m\u00e1s procedimientos similares y no se descarta que alguno se registre en las pr\u00f3ximas horas.<\/p>\n","protected":false},"excerpt":{"rendered":"<p>Detuvieron a 28 personas y demoraron a otras 32 en un mega-operativo que se concret\u00f3 en cuatro villas de emergencia de Lan\u00fas. Secuestraron unas 15 motos, autos con pedido de captura, drogas y armas de fuego. Todo comenz\u00f3 a las 06:30 hs. de ayer, seg\u00fan explic\u00f3 Edgardo Garc\u00eda de la Jefatura Distrital de Lan\u00fas en&hellip;<\/p>\n","protected":false},"author":1,"featured_media":0,"comment_status":"open","ping_status":"open","sticky":false,"template":"","format":"standard","meta":{"footnotes":""},"categories":[22],"tags":[4375,209,3029,30,1832,4374,4376],"class_list":["post-8984","post","type-post","status-publish","format-standard","hentry","category-policiales","tag-la-maquinita","tag-lanus","tag-operativos","tag-policia","tag-villa-lujan","tag-villa-sapito","tag-villa-sasetru"],"_links":{"self":[{"href":"https:\/\/www.elsindical.com.ar\/notas\/wp-json\/wp\/v2\/posts\/8984","targetHints":{"allow":["GET"]}}],"collection":[{"href":"https:\/\/www.elsindical.com.ar\/notas\/wp-json\/wp\/v2\/posts"}],"about":[{"href":"https:\/\/www.elsindical.com.ar\/notas\/wp-json\/wp\/v2\/types\/post"}],"author":[{"embeddable":true,"href":"https:\/\/www.elsindical.com.ar\/notas\/wp-json\/wp\/v2\/users\/1"}],"replies":[{"embeddable":true,"href":"https:\/\/www.elsindical.com.ar\/notas\/wp-json\/wp\/v2\/comments?post=8984"}],"version-history":[{"count":1,"href":"https:\/\/www.elsindical.com.ar\/notas\/wp-json\/wp\/v2\/posts\/8984\/revisions"}],"predecessor-version":[{"id":8986,"href":"https:\/\/www.elsindical.com.ar\/notas\/wp-json\/wp\/v2\/posts\/8984\/revisions\/8986"}],"wp:attachment":[{"href":"https:\/\/www.elsindical.com.ar\/notas\/wp-json\/wp\/v2\/media?parent=8984"}],"wp:term":[{"taxonomy":"category","embeddable":true,"href":"https:\/\/www.elsindical.com.ar\/notas\/wp-json\/wp\/v2\/categories?post=8984"},{"taxonomy":"post_tag","embeddable":true,"href":"https:\/\/www.elsindical.com.ar\/notas\/wp-json\/wp\/v2\/tags?post=8984"}],"curies":[{"name":"wp","href":"https:\/\/api.w.org\/{rel}","templated":true}]}}