{"id":8969,"date":"2010-08-26T14:57:36","date_gmt":"2010-08-26T17:57:36","guid":{"rendered":"http:\/\/www.elsindical.com.ar\/notas\/?p=8969"},"modified":"2010-08-26T14:57:36","modified_gmt":"2010-08-26T17:57:36","slug":"tiroteos-en-san-isidro-y-pilar-con-delincuentes-abatidos","status":"publish","type":"post","link":"https:\/\/www.elsindical.com.ar\/notas\/tiroteos-en-san-isidro-y-pilar-con-delincuentes-abatidos\/","title":{"rendered":"Tiroteos en San Isidro y Pilar con delincuentes abatidos"},"content":{"rendered":"<p style=\"text-align: justify;\"><em><a href=\"http:\/\/www.elsindical.com.ar\/notas\/var\/www\/html\/notas\/wp-content\/uploads\/2010\/08\/delincuente-abatido.jpg\"><img loading=\"lazy\" decoding=\"async\" class=\"alignleft size-medium wp-image-8970\" title=\"delincuente-abatido\" src=\"http:\/\/www.elsindical.com.ar\/notas\/var\/www\/html\/notas\/wp-content\/uploads\/2010\/08\/delincuente-abatido-300x158.jpg\" alt=\"\" width=\"300\" height=\"158\" srcset=\"https:\/\/www.elsindical.com.ar\/notas\/var\/www\/html\/notas\/wp-content\/uploads\/2010\/08\/delincuente-abatido-300x158.jpg 300w, https:\/\/www.elsindical.com.ar\/notas\/var\/www\/html\/notas\/wp-content\/uploads\/2010\/08\/delincuente-abatido.jpg 325w\" sizes=\"auto, (max-width: 300px) 100vw, 300px\" \/><\/a>Uno habr\u00eda intentado despojar a un agente de su auto mientras se desplazaba con su hija de 7 a\u00f1os, en Boulogne. El otro cay\u00f3 en Pilar cuando intent\u00f3 robar una pizer\u00eda.<\/em>\u00a0<br \/>\n\u00a0<br \/>\nDos delincuentes fueron abatidos en sendos enfrentamientos policiales registrados en las \u00faltimas horas.<\/p>\n<p style=\"text-align: justify;\">En el primero de los casos, un delincuente fue abatido por un efectivo policial al que al parecer pretendi\u00f3 asaltar, sobre la Ruta Panamericana, a la altura de la localidad bonaerense de Boulogne. Pese a que las autoridades aseguran que el muerto ten\u00eda antecedentes delictivos, vecinos afirmaron que era muy trabajador y padre de dos hijos.<\/p>\n<p style=\"text-align: justify;\">El suceso ocurri\u00f3 a las 8 de este jueves cuando un servidor p\u00fablico, numerario de la comisar\u00eda 1\u00aa de San Isidro, distrito Conurbano Norte se desplazaba con su VW Gol junto con su hija de 7 a\u00f1os.<\/p>\n<p style=\"text-align: justify;\">En circunstancias que circulaba por la colectora de la Panamericana, el agente fue interceptado por un sujeto que, a punta de pistola, le exigi\u00f3 que descendiera del rodado.<\/p>\n<p style=\"text-align: justify;\">El polic\u00eda, que estaba uniformado, se dio a conocer y fue atacado a balazos, por lo que se gener\u00f3 un breve intercambio de disparos que termin\u00f3 cuando el marginal cay\u00f3 abatido sobre la vereda de unos monoblocks, a la vera de la colectora.<\/p>\n<p style=\"text-align: justify;\">De acuerdo a lo que se\u00f1al\u00f3 el comisario Ra\u00fal Papa, \u00abel malviviente ten\u00eda en su poder un rev\u00f3lver 32 largo, era mayor de edad, viv\u00eda en la zona y ten\u00eda antecedentes delictivos\u00bb.<\/p>\n<p style=\"text-align: justify;\">En contra de la versi\u00f3n oficial se manifest\u00f3 Claudio, el cu\u00f1ado de la v\u00edctima, a la que identific\u00f3 como Daniel \u00abEl Pasty\u00bb: \u00abera un hombre de trabajo, hac\u00eda changas, era padre de dos hijos hermosos. El estaba yendo a trabajar a esa hora, no era ladr\u00f3n. Si yo hubiese sabido que era delincuente, le hubiese dicho algo y por supuesto que me hubiera enojado mucho con \u00e9l. La polic\u00eda miente y da una versi\u00f3n que no es\u00bb<\/p>\n<p style=\"text-align: justify;\">En el segundo caso, un polic\u00eda bonaerense se tirote\u00f3, mat\u00f3 a un delincuente e hiri\u00f3 a otro que hab\u00edan entrado a robar a una pizzer\u00eda en pleno centro de la localidad de Pilar.<\/p>\n<p style=\"text-align: justify;\">El hecho ocurri\u00f3 anoche en la pizzer\u00eda \u201cRolo\u201d, ubicada en la calle San Mart\u00edn 751, frente a la plaza central de Pilar, a dos cuadras del Banco Naci\u00f3n que el mes pasado vivi\u00f3 una toma de rehenes y a s\u00f3lo tres de la Jefatura Departamental.<\/p>\n<p style=\"text-align: justify;\">Seg\u00fan los investigadores, el local estaba lleno de clientes cuando tres delincuentes llegaron fuertemente armados y con fines de robo. Dos de los asaltantes se encargaron de robar no s\u00f3lo el dinero de la caja, sino tambi\u00e9n de pasar mesa por mesa para apoderarse de los celulares, las billeteras y las carteras de los comensales.<\/p>\n<p style=\"text-align: justify;\">\u201cEl polic\u00eda no quer\u00eda intervenir hasta que los delincuentes se fueran del local para no poner en riesgo a ning\u00fan inocente, pero los delincuentes se dieron cuenta de que era polic\u00eda cuando revisaron su billetera\u201d, cont\u00f3 un jefe policial. En ese momento, el oficial dio la voz de alto y extrajo su arma reglamentaria, pero los asaltantes comenzaron a disparar. Dentro de la pizzer\u00eda, se vivi\u00f3 un intenso tiroteo en el que el polic\u00eda mat\u00f3 a uno de los ladrones e hiri\u00f3 y logr\u00f3 detener al c\u00f3mplice.<\/p>\n<p style=\"text-align: justify;\">\u201cAfortunadamente ning\u00fan cliente ni trabajador del local ni el polic\u00eda resultaron heridos\u201d, expres\u00f3 la fuente policial. El tercer c\u00f3mplice que actu\u00f3 m\u00e1s bien de \u201ccampana\u201d en el hecho, logr\u00f3 escapar de la pizzer\u00eda y era intensamente buscado.<\/p>\n<p style=\"text-align: justify;\">Tambi\u00e9n llegaron el fiscal Leonardo Loiterstein, de la Unidad Funcional de Instrucci\u00f3n (UFI) 2 de Pilar y detectives de la Subdelegaci\u00f3n Departamental de Investigaciones local. Los peritos secuestraron dos rev\u00f3lveres de los delincuentes, un Magnum 357 y un calibre 22, ambos con tres o cuatro cartuchos disparados, como as\u00ed tambi\u00e9n recuperaron los relojes, billeteras y celulares robados a los comensales.<\/p>\n<p style=\"text-align: justify;\">La polic\u00eda logr\u00f3 identificar al ladr\u00f3n muerto y al herido y ambos son mayores, tienen antecedentes y est\u00e1n domiciliados en el partido bonaerense de Hurlingham, al oeste del conurbano.<\/p>\n","protected":false},"excerpt":{"rendered":"<p>Uno habr\u00eda intentado despojar a un agente de su auto mientras se desplazaba con su hija de 7 a\u00f1os, en Boulogne. El otro cay\u00f3 en Pilar cuando intent\u00f3 robar una pizer\u00eda.\u00a0 \u00a0 Dos delincuentes fueron abatidos en sendos enfrentamientos policiales registrados en las \u00faltimas horas. En el primero de los casos, un delincuente fue abatido&hellip;<\/p>\n","protected":false},"author":1,"featured_media":0,"comment_status":"open","ping_status":"open","sticky":false,"template":"","format":"standard","meta":{"footnotes":""},"categories":[22],"tags":[4371,424,581,1411,30,116,40],"class_list":["post-8969","post","type-post","status-publish","format-standard","hentry","category-policiales","tag-abatidos","tag-armas","tag-delincuentes","tag-pilar","tag-policia","tag-robo","tag-san-isidro"],"_links":{"self":[{"href":"https:\/\/www.elsindical.com.ar\/notas\/wp-json\/wp\/v2\/posts\/8969","targetHints":{"allow":["GET"]}}],"collection":[{"href":"https:\/\/www.elsindical.com.ar\/notas\/wp-json\/wp\/v2\/posts"}],"about":[{"href":"https:\/\/www.elsindical.com.ar\/notas\/wp-json\/wp\/v2\/types\/post"}],"author":[{"embeddable":true,"href":"https:\/\/www.elsindical.com.ar\/notas\/wp-json\/wp\/v2\/users\/1"}],"replies":[{"embeddable":true,"href":"https:\/\/www.elsindical.com.ar\/notas\/wp-json\/wp\/v2\/comments?post=8969"}],"version-history":[{"count":2,"href":"https:\/\/www.elsindical.com.ar\/notas\/wp-json\/wp\/v2\/posts\/8969\/revisions"}],"predecessor-version":[{"id":8972,"href":"https:\/\/www.elsindical.com.ar\/notas\/wp-json\/wp\/v2\/posts\/8969\/revisions\/8972"}],"wp:attachment":[{"href":"https:\/\/www.elsindical.com.ar\/notas\/wp-json\/wp\/v2\/media?parent=8969"}],"wp:term":[{"taxonomy":"category","embeddable":true,"href":"https:\/\/www.elsindical.com.ar\/notas\/wp-json\/wp\/v2\/categories?post=8969"},{"taxonomy":"post_tag","embeddable":true,"href":"https:\/\/www.elsindical.com.ar\/notas\/wp-json\/wp\/v2\/tags?post=8969"}],"curies":[{"name":"wp","href":"https:\/\/api.w.org\/{rel}","templated":true}]}}