{"id":89638,"date":"2019-09-06T11:36:49","date_gmt":"2019-09-06T14:36:49","guid":{"rendered":"http:\/\/www.elsindical.com.ar\/notas\/?p=89638"},"modified":"2019-09-06T11:37:06","modified_gmt":"2019-09-06T14:37:06","slug":"lanus-depetri-desmintio-una-falsa-promesa-de-campana-y-denuncio-una-campana-sucia-de-nestor-grindetti","status":"publish","type":"post","link":"https:\/\/www.elsindical.com.ar\/notas\/lanus-depetri-desmintio-una-falsa-promesa-de-campana-y-denuncio-una-campana-sucia-de-nestor-grindetti\/","title":{"rendered":"Lanus: Depetri desminti\u00f3 una falsa promesa de campa\u00f1a y denunci\u00f3 una \u201ccampa\u00f1a sucia\u201d de N\u00e9stor Grindetti"},"content":{"rendered":"\n<figure class=\"wp-block-image\"><img loading=\"lazy\" decoding=\"async\" width=\"640\" height=\"469\" src=\"http:\/\/www.elsindical.com.ar\/notas\/var\/www\/html\/notas\/wp-content\/uploads\/2019\/09\/Desmentida-Depetri.jpg\" alt=\"\" class=\"wp-image-89639\" srcset=\"https:\/\/www.elsindical.com.ar\/notas\/var\/www\/html\/notas\/wp-content\/uploads\/2019\/09\/Desmentida-Depetri.jpg 640w, https:\/\/www.elsindical.com.ar\/notas\/var\/www\/html\/notas\/wp-content\/uploads\/2019\/09\/Desmentida-Depetri-300x220.jpg 300w, https:\/\/www.elsindical.com.ar\/notas\/var\/www\/html\/notas\/wp-content\/uploads\/2019\/09\/Desmentida-Depetri-409x300.jpg 409w\" sizes=\"auto, (max-width: 640px) 100vw, 640px\" \/><\/figure>\n\n\n\n<p>El\n candidato a intendente de Lan\u00fas por el Frente de Todos, Edgardo \nDepetri, desminti\u00f3 y denunci\u00f3 como \u201ccampa\u00f1a sucia\u201d de N\u00e9stor Grindetti \nla difusi\u00f3n de un afiche en la se lo vincula a la construcci\u00f3n de \nviviendas en el Vel\u00f3dromo Municipal en caso de asumir la intendencia.<\/p>\n\n\n\n<p>\u201cDesmiento\n categ\u00f3ricamente y denuncio la campa\u00f1a sucia del intendente N\u00e9stor \nGrindetti, al involucrarme en una supuesta construcci\u00f3n de 250 viviendas\n en el Vel\u00f3dromo Municipal cuando asuma la intendencia\u201d, sostuvo Depetri\n en un comunicado de prensa.<\/p>\n\n\n\n<p>Y\n agreg\u00f3:\u201cFrente a la dram\u00e1tica situaci\u00f3n econ\u00f3mica y social que \natraviesa el pueblo argentino y especialmente los vecinos y vecinas de \nLan\u00fas por las pol\u00edticas de Macri, Vidal y Grindetti, lamento que en un \nintento desesperado por su reelecci\u00f3n, el intendente utilice fondos p\u00fablicos para imprimir folletos y pagar publicaciones falsas en las redes sociales\u201d.<\/p>\n\n\n\n<p>Por otra parte, el candidato a intendente del Frente de Todos destac\u00f3 que \u201cel\n Vel\u00f3dromo Municipal es parte de nuestra identidad, y es por eso, que si\n los lanusenses me vuelven a acompa\u00f1ar con su voto, me comprometo a \nmejorarlo integralmente para el disfrute de las familias\u201d.<\/p>\n\n\n\n<p>\u201cEs\n triste que busquen manipular la voluntad popular utilizando nuestra \nimagen, gr\u00e1fica y est\u00e9tica. La democracia es el mejor ejercicio que \ntiene una sociedad, es preocupante que Grindetti no la respete\u201d, \nfinaliz\u00f3 Depetri.<\/p>\n","protected":false},"excerpt":{"rendered":"<p>El candidato a intendente de Lan\u00fas por el Frente de Todos, Edgardo Depetri, desminti\u00f3 y denunci\u00f3 como \u201ccampa\u00f1a sucia\u201d de N\u00e9stor Grindetti la difusi\u00f3n de un afiche en la se lo vincula a la construcci\u00f3n de viviendas en el Vel\u00f3dromo Municipal en caso de asumir la intendencia. \u201cDesmiento categ\u00f3ricamente y denuncio la campa\u00f1a sucia del&hellip;<\/p>\n","protected":false},"author":1,"featured_media":89639,"comment_status":"open","ping_status":"open","sticky":false,"template":"","format":"standard","meta":{"footnotes":""},"categories":[13],"tags":[31518,31431,209,5025,31517],"class_list":["post-89638","post","type-post","status-publish","format-standard","has-post-thumbnail","hentry","category-politica","tag-edgardo-depetri","tag-frente-de-todos","tag-lanus","tag-nestor-grindetti","tag-velodromo-municipal"],"_links":{"self":[{"href":"https:\/\/www.elsindical.com.ar\/notas\/wp-json\/wp\/v2\/posts\/89638","targetHints":{"allow":["GET"]}}],"collection":[{"href":"https:\/\/www.elsindical.com.ar\/notas\/wp-json\/wp\/v2\/posts"}],"about":[{"href":"https:\/\/www.elsindical.com.ar\/notas\/wp-json\/wp\/v2\/types\/post"}],"author":[{"embeddable":true,"href":"https:\/\/www.elsindical.com.ar\/notas\/wp-json\/wp\/v2\/users\/1"}],"replies":[{"embeddable":true,"href":"https:\/\/www.elsindical.com.ar\/notas\/wp-json\/wp\/v2\/comments?post=89638"}],"version-history":[{"count":1,"href":"https:\/\/www.elsindical.com.ar\/notas\/wp-json\/wp\/v2\/posts\/89638\/revisions"}],"predecessor-version":[{"id":89640,"href":"https:\/\/www.elsindical.com.ar\/notas\/wp-json\/wp\/v2\/posts\/89638\/revisions\/89640"}],"wp:featuredmedia":[{"embeddable":true,"href":"https:\/\/www.elsindical.com.ar\/notas\/wp-json\/wp\/v2\/media\/89639"}],"wp:attachment":[{"href":"https:\/\/www.elsindical.com.ar\/notas\/wp-json\/wp\/v2\/media?parent=89638"}],"wp:term":[{"taxonomy":"category","embeddable":true,"href":"https:\/\/www.elsindical.com.ar\/notas\/wp-json\/wp\/v2\/categories?post=89638"},{"taxonomy":"post_tag","embeddable":true,"href":"https:\/\/www.elsindical.com.ar\/notas\/wp-json\/wp\/v2\/tags?post=89638"}],"curies":[{"name":"wp","href":"https:\/\/api.w.org\/{rel}","templated":true}]}}