{"id":89632,"date":"2019-09-06T11:23:58","date_gmt":"2019-09-06T14:23:58","guid":{"rendered":"http:\/\/www.elsindical.com.ar\/notas\/?p=89632"},"modified":"2019-09-06T11:24:44","modified_gmt":"2019-09-06T14:24:44","slug":"segun-un-estudio-argentina-es-el-pais-mas-infeliz-del-mundo","status":"publish","type":"post","link":"https:\/\/www.elsindical.com.ar\/notas\/segun-un-estudio-argentina-es-el-pais-mas-infeliz-del-mundo\/","title":{"rendered":"Seg\u00fan un estudio, Argentina es el pa\u00eds m\u00e1s infeliz del mundo"},"content":{"rendered":"\n<figure class=\"wp-block-image\"><img loading=\"lazy\" decoding=\"async\" width=\"225\" height=\"225\" src=\"http:\/\/www.elsindical.com.ar\/notas\/var\/www\/html\/notas\/wp-content\/uploads\/2019\/09\/emoticon-infeliz.jpg\" alt=\"\" class=\"wp-image-89633\" srcset=\"https:\/\/www.elsindical.com.ar\/notas\/var\/www\/html\/notas\/wp-content\/uploads\/2019\/09\/emoticon-infeliz.jpg 225w, https:\/\/www.elsindical.com.ar\/notas\/var\/www\/html\/notas\/wp-content\/uploads\/2019\/09\/emoticon-infeliz-150x150.jpg 150w, https:\/\/www.elsindical.com.ar\/notas\/var\/www\/html\/notas\/wp-content\/uploads\/2019\/09\/emoticon-infeliz-50x50.jpg 50w\" sizes=\"auto, (max-width: 225px) 100vw, 225px\" \/><\/figure>\n\n\n\n<p> Una encuesta global realizada por la  consultora Ipsos Global Advisor midi\u00f3 el \u00edndice de la felicidad en 28  pa\u00edses, y revel\u00f3 cu\u00e1les son los m\u00e1s y los menos felices.<\/p>\n\n\n\n<p>\n Est\u00e1 claro que la felicidad es subjetiva. Mucho tiene que ver el estilo\n de vida, la buena alimentaci\u00f3n, hacerse ratos libres para el ocio y \nmantener firmes las relaciones de amistades, lo econ\u00f3mico o lo familiar.\n Algunas personas, en cambio, la miden en el \u00e9xito de sus logros o por \nsus estudios.<\/p>\n\n\n\n<p> Un\u00a0estudio \u00a0global realizado por\u00a0la consultora Ipsos Global Advisor llamado <em>Global Happiness 2019<\/em>\u00a0midi\u00f3 el \u00edndice de la felicidad\u00a0en 28 pa\u00edses, y revel\u00f3 que <strong>los argentinos son los m\u00e1s infelices del mundo:\u00a0s\u00f3lo el 34% de los encuestados en el pa\u00eds afirma ser feliz.<\/strong><\/p>\n\n\n\n<p> <strong>\u00bfQu\u00e9 ocurre en Am\u00e9rica?<\/strong><\/p>\n\n\n\n<p>\n El estudio&nbsp;recalca que los latinos son especialmente propensos a \nrelacionar la satisfacci\u00f3n con la direcci\u00f3n de su vida, el bienestar de \nsu familia y su entorno as\u00ed como el estado de la econom\u00eda. Lo mismo \nocurre del otro lado del mundo, con Turqu\u00eda, en donde casi cinco de cada\n diez turcos afirman que la situaci\u00f3n econ\u00f3mica es una de sus \nprincipales fuentes de felicidad.<\/p>\n\n\n\n<p> Solo dos de los pa\u00edses encuestados en Am\u00e9rica muestran&nbsp;un aumento&nbsp;en la felicidad&nbsp; entre 2018 y 2019: Canad\u00e1 (+5 puntos) y <strong>Per\u00fa<\/strong>\n (+4). Entre los pa\u00edses de la regi\u00f3n rastreados desde 2011, Canad\u00e1 es el\n \u00fanico donde la felicidad est\u00e1 tan extendida hoy como lo estaba entonces\n (85%). Durante el a\u00f1o pasado, el porcentaje de adultos que se describen\n a s\u00ed mismos como muy felices se redujo dr\u00e1sticamente en Argentina \n(-22%).<\/p>\n\n\n\n<p>\n Las fuentes de mayor felicidad en el ranking&nbsp;en pa\u00edses de Latinoam\u00e9rica\n var\u00edan de pa\u00eds a pa\u00eds: \u00abMi condici\u00f3n de vida\u00bb es importante en <strong>Chile,<\/strong> mientras que \u00abTener un empleo significativo\u00bb pisa fuerte en <strong>Brasil y Per\u00fa.<\/strong><\/p>\n\n\n\n<p> De acuerdo a la investigaci\u00f3n, <strong>dos tercios de los adultos en todo el mundo (64%) en 28 pa\u00edses se consideran felices<\/strong>.\n A nivel mundial, la prevalencia de la felicidad ha bajado 6 puntos \ndesde el 70% en 2018. La felicidad est\u00e1 m\u00e1s extendida en Australia y \nCanad\u00e1 (ambos con el 86% de los adultos describi\u00e9ndose a s\u00ed mismos como \n\u00abmuy\u00bb o \u00abbastante\u00bb felices), seguidos de China y Gran Breta\u00f1a (ambos \n83%) y Francia (80%). Por el contrario, solo una minor\u00eda de adultos en<strong> Argentina (34%),<\/strong> Espa\u00f1a (46%) y Rusia (47%) dicen que est\u00e1n contentos.<\/p>\n\n\n\n<p> <strong>Fuentes de felicidad<\/strong><\/p>\n\n\n\n<p> A nivel mundial,<strong> las tres fuentes de mayor felicidad<\/strong>\n entre las 29 que se propusieron en la encuesta son: el tiempo que pas\u00e9 \nen las redes sociales (11%), mudarme a otro pa\u00eds (17%) y mis posesiones \nmateriales (21%).<\/p>\n\n\n\n<p> Entre las fuentes potenciales que generan felicidad, las personas encuestadas en todo el mundo describen como una <strong>fuente de \u00abmayor felicidad\u00bb<\/strong>&nbsp;su\n salud y bienestar f\u00edsico (55%). Le siguen sus hijos (48%), su relaci\u00f3n \ncon su c\u00f3nyuge o pareja (48%), la sensaci\u00f3n de que su vida tiene sentido\n (47%) y la seguridad personal (45%). Cada una de estas 5 principales \nfuentes de mayor felicidad a nivel mundial se encuentra entre las 10 \nprincipales fuentes de mayor felicidad en casi todos los pa\u00edses.<\/p>\n\n\n\n<p>\n Dentro de la investigaci\u00f3n se distingue a los argentinos por \npreocuparse por el bienestar de su pa\u00eds como premisa para ser felices. \nAdem\u00e1s, de acuerdo a la encuesta, los amigos son especialmente \nimportantes en Argentina (56%).<\/p>\n\n\n\n<p> Por su parte<strong>, las redes sociales\u00a0no parecen ser\u00a0una de las principales fuentes de bienestar emocional.\u00a0<\/strong>Motivado por la preocupaci\u00f3n por la privacidad y el uso de los datos personales, solo <strong>uno de cada diez (11%) afirma que las redes sociales como Facebook, Instagram o Twitter son su principal fuente de felicidad.<\/strong>\u00a0Por  otro lado, Turqu\u00eda (27%), Arabia Saudita (25%) e India (22%) son los  \u00fanicos pa\u00edses en los que alrededor de una cuarta parte de los  encuestados afirma que es una de sus principales fuentes de felicidad.<\/p>\n\n\n\n<figure class=\"wp-block-image\"><img decoding=\"async\" src=\"http:\/\/www.elsindical.com.ar\/notas\/var\/www\/html\/notas\/wp-content\/uploads\/2019\/09\/Ranking-de-la-felicidad.jpg\" alt=\"\" class=\"wp-image-89634\"\/><\/figure>\n","protected":false},"excerpt":{"rendered":"<p>Una encuesta global realizada por la consultora Ipsos Global Advisor midi\u00f3 el \u00edndice de la felicidad en 28 pa\u00edses, y revel\u00f3 cu\u00e1les son los m\u00e1s y los menos felices. Est\u00e1 claro que la felicidad es subjetiva. Mucho tiene que ver el estilo de vida, la buena alimentaci\u00f3n, hacerse ratos libres para el ocio y mantener&hellip;<\/p>\n","protected":false},"author":1,"featured_media":89633,"comment_status":"open","ping_status":"open","sticky":false,"template":"","format":"standard","meta":{"footnotes":""},"categories":[25],"tags":[30202,31515,31514,7060],"class_list":["post-89632","post","type-post","status-publish","format-standard","has-post-thumbnail","hentry","category-sociedad","tag-felicidad","tag-infelices","tag-ipsos-global-advisor","tag-ranking"],"_links":{"self":[{"href":"https:\/\/www.elsindical.com.ar\/notas\/wp-json\/wp\/v2\/posts\/89632","targetHints":{"allow":["GET"]}}],"collection":[{"href":"https:\/\/www.elsindical.com.ar\/notas\/wp-json\/wp\/v2\/posts"}],"about":[{"href":"https:\/\/www.elsindical.com.ar\/notas\/wp-json\/wp\/v2\/types\/post"}],"author":[{"embeddable":true,"href":"https:\/\/www.elsindical.com.ar\/notas\/wp-json\/wp\/v2\/users\/1"}],"replies":[{"embeddable":true,"href":"https:\/\/www.elsindical.com.ar\/notas\/wp-json\/wp\/v2\/comments?post=89632"}],"version-history":[{"count":1,"href":"https:\/\/www.elsindical.com.ar\/notas\/wp-json\/wp\/v2\/posts\/89632\/revisions"}],"predecessor-version":[{"id":89635,"href":"https:\/\/www.elsindical.com.ar\/notas\/wp-json\/wp\/v2\/posts\/89632\/revisions\/89635"}],"wp:featuredmedia":[{"embeddable":true,"href":"https:\/\/www.elsindical.com.ar\/notas\/wp-json\/wp\/v2\/media\/89633"}],"wp:attachment":[{"href":"https:\/\/www.elsindical.com.ar\/notas\/wp-json\/wp\/v2\/media?parent=89632"}],"wp:term":[{"taxonomy":"category","embeddable":true,"href":"https:\/\/www.elsindical.com.ar\/notas\/wp-json\/wp\/v2\/categories?post=89632"},{"taxonomy":"post_tag","embeddable":true,"href":"https:\/\/www.elsindical.com.ar\/notas\/wp-json\/wp\/v2\/tags?post=89632"}],"curies":[{"name":"wp","href":"https:\/\/api.w.org\/{rel}","templated":true}]}}