{"id":89630,"date":"2019-09-06T11:10:25","date_gmt":"2019-09-06T14:10:25","guid":{"rendered":"http:\/\/www.elsindical.com.ar\/notas\/?p=89630"},"modified":"2019-09-06T11:10:25","modified_gmt":"2019-09-06T14:10:25","slug":"detienen-a-profesor-de-gimnasia-acusado-de-abuso","status":"publish","type":"post","link":"https:\/\/www.elsindical.com.ar\/notas\/detienen-a-profesor-de-gimnasia-acusado-de-abuso\/","title":{"rendered":"Detienen a profesor de gimnasia acusado de abuso"},"content":{"rendered":"\n<figure class=\"wp-block-image\"><img loading=\"lazy\" decoding=\"async\" width=\"443\" height=\"301\" src=\"http:\/\/www.elsindical.com.ar\/notas\/var\/www\/html\/notas\/wp-content\/uploads\/2016\/02\/esposado-espalda.jpg\" alt=\"\" class=\"wp-image-57107\" srcset=\"https:\/\/www.elsindical.com.ar\/notas\/var\/www\/html\/notas\/wp-content\/uploads\/2016\/02\/esposado-espalda.jpg 443w, https:\/\/www.elsindical.com.ar\/notas\/var\/www\/html\/notas\/wp-content\/uploads\/2016\/02\/esposado-espalda-300x204.jpg 300w, https:\/\/www.elsindical.com.ar\/notas\/var\/www\/html\/notas\/wp-content\/uploads\/2016\/02\/esposado-espalda-442x300.jpg 442w\" sizes=\"auto, (max-width: 443px) 100vw, 443px\" \/><\/figure>\n\n\n\n<p>Una alumna de una escuela del  barrio porte\u00f1o de Nueva Pompeya\u00a0le confes\u00f3 a su madre que el maestro le  hab\u00eda tocado los pechos y los genitales. La mujer radic\u00f3 la denuncia y  el acusado\u00a0qued\u00f3 detenido.\u00a0 <\/p>\n\n\n\n<p>Arrestaron a un\u00a0 profesor  de educaci\u00f3n f\u00edsica este \u00faltimo jueves tras ser denunciado por  presuntos abusos sexuales contra una alumna menor de edad en una escuela  del barrio porte\u00f1o de Nueva Pompeya.<\/p>\n\n\n\n<p>La madre de la v\u00edctima, de nacionalidad boliviana,&nbsp;fue quien radic\u00f3 \nla denuncia por abuso contra el docente, luego que su hija acusara al \nhombre de haberle&nbsp;tocado&nbsp;sus partes \u00edntimas. La mujer se hizo presente \nel mi\u00e9rcoles pasado por la tarde, en la comisar\u00eda vecinal 3B de la \nPolic\u00eda de la Ciudad.<\/p>\n\n\n\n<p>La denunciante declar\u00f3 que la nena lleg\u00f3 muy angustiada del  colegio\u00a0al que asiste, y que al preguntarle qu\u00e9 hab\u00eda ocurrido, la  criatura le confes\u00f3\u00a0que el maestro de educaci\u00f3n f\u00edsica le hab\u00eda tocado  los pechos y los genitales.<\/p>\n\n\n\n<p>A la menor se le hicieron&nbsp;las pericias correspondientes.&nbsp;En primera \nmedida se solicit\u00f3 a un m\u00e9dico legista para que la revisara y de esta \nforma, descartaron&nbsp;acceso carnal.<\/p>\n\n\n\n<p>El Juzgado Criminal y Correccional n\u00famero 61 orden\u00f3 la detenci\u00f3n del \nimputado, la cual se llev\u00f3 a cabo en la misma instituci\u00f3n educativa \ndonde hab\u00eda sucedido el hecho. Tras leerle sus derechos, el docente, fue\n remitido al Centro de Detenci\u00f3n Judicial U 28. All\u00ed qued\u00f3&nbsp;alojado a \ndisposici\u00f3n de la Justicia.<\/p>\n","protected":false},"excerpt":{"rendered":"<p>Una alumna de una escuela del barrio porte\u00f1o de Nueva Pompeya\u00a0le confes\u00f3 a su madre que el maestro le hab\u00eda tocado los pechos y los genitales. La mujer radic\u00f3 la denuncia y el acusado\u00a0qued\u00f3 detenido.\u00a0 Arrestaron a un\u00a0 profesor de educaci\u00f3n f\u00edsica este \u00faltimo jueves tras ser denunciado por presuntos abusos sexuales contra una alumna&hellip;<\/p>\n","protected":false},"author":1,"featured_media":57107,"comment_status":"open","ping_status":"open","sticky":false,"template":"","format":"standard","meta":{"footnotes":""},"categories":[22],"tags":[783,7003,11613],"class_list":["post-89630","post","type-post","status-publish","format-standard","has-post-thumbnail","hentry","category-policiales","tag-abuso-sexual","tag-alumna","tag-profesor-de-gimnasia"],"_links":{"self":[{"href":"https:\/\/www.elsindical.com.ar\/notas\/wp-json\/wp\/v2\/posts\/89630","targetHints":{"allow":["GET"]}}],"collection":[{"href":"https:\/\/www.elsindical.com.ar\/notas\/wp-json\/wp\/v2\/posts"}],"about":[{"href":"https:\/\/www.elsindical.com.ar\/notas\/wp-json\/wp\/v2\/types\/post"}],"author":[{"embeddable":true,"href":"https:\/\/www.elsindical.com.ar\/notas\/wp-json\/wp\/v2\/users\/1"}],"replies":[{"embeddable":true,"href":"https:\/\/www.elsindical.com.ar\/notas\/wp-json\/wp\/v2\/comments?post=89630"}],"version-history":[{"count":1,"href":"https:\/\/www.elsindical.com.ar\/notas\/wp-json\/wp\/v2\/posts\/89630\/revisions"}],"predecessor-version":[{"id":89631,"href":"https:\/\/www.elsindical.com.ar\/notas\/wp-json\/wp\/v2\/posts\/89630\/revisions\/89631"}],"wp:featuredmedia":[{"embeddable":true,"href":"https:\/\/www.elsindical.com.ar\/notas\/wp-json\/wp\/v2\/media\/57107"}],"wp:attachment":[{"href":"https:\/\/www.elsindical.com.ar\/notas\/wp-json\/wp\/v2\/media?parent=89630"}],"wp:term":[{"taxonomy":"category","embeddable":true,"href":"https:\/\/www.elsindical.com.ar\/notas\/wp-json\/wp\/v2\/categories?post=89630"},{"taxonomy":"post_tag","embeddable":true,"href":"https:\/\/www.elsindical.com.ar\/notas\/wp-json\/wp\/v2\/tags?post=89630"}],"curies":[{"name":"wp","href":"https:\/\/api.w.org\/{rel}","templated":true}]}}