{"id":8963,"date":"2010-08-26T14:18:43","date_gmt":"2010-08-26T17:18:43","guid":{"rendered":"http:\/\/www.elsindical.com.ar\/notas\/?p=8963"},"modified":"2010-08-26T14:18:43","modified_gmt":"2010-08-26T17:18:43","slug":"lomas-de-zamorahomenaje-y-placa-recordatoria-al-juez-daniel-alejandro-viggiano","status":"publish","type":"post","link":"https:\/\/www.elsindical.com.ar\/notas\/lomas-de-zamorahomenaje-y-placa-recordatoria-al-juez-daniel-alejandro-viggiano\/","title":{"rendered":"Lomas de Zamora:Homenaje y placa recordatoria al Juez  Daniel Alejandro Viggiano"},"content":{"rendered":"<p style=\"text-align: justify;\"><a href=\"http:\/\/www.elsindical.com.ar\/notas\/var\/www\/html\/notas\/wp-content\/uploads\/2010\/08\/placa-recordatoria-Juez-Vig.jpg\"><img loading=\"lazy\" decoding=\"async\" class=\"alignleft size-medium wp-image-8964\" title=\"placa-recordatoria-Juez-Vig\" src=\"http:\/\/www.elsindical.com.ar\/notas\/var\/www\/html\/notas\/wp-content\/uploads\/2010\/08\/placa-recordatoria-Juez-Vig-300x225.jpg\" alt=\"\" width=\"300\" height=\"225\" srcset=\"https:\/\/www.elsindical.com.ar\/notas\/var\/www\/html\/notas\/wp-content\/uploads\/2010\/08\/placa-recordatoria-Juez-Vig-300x225.jpg 300w, https:\/\/www.elsindical.com.ar\/notas\/var\/www\/html\/notas\/wp-content\/uploads\/2010\/08\/placa-recordatoria-Juez-Vig.jpg 325w\" sizes=\"auto, (max-width: 300px) 100vw, 300px\" \/><\/a>Colegas, amigos y familiares del juez de los Tribunales de Lomas de Zamora Daniel Alejandro Viggiano, participaron ayer de una ceremonia que se realiz\u00f3 en el Palacio de Justicia y que tuvo un \u00fanico objetivo, homenajearlo a un a\u00f1o de su muerte. El magistrado falleci\u00f3 el 4 de julio de 2009, a los 38 a\u00f1os, tras una dura lucha contra el c\u00e1ncer, y a partir de ahora, una sala del edificio llevar\u00e1 su nombre.<\/p>\n<p>Durante un emotivo acto donde participaron, adem\u00e1s de su familia, miembros del ambiente de la Justicia local y provincial, Viggiano fue recordado y destacado por su calidad humana y profesional.<\/p>\n<p>\u00abEra un excelente ser humano y un gran compa\u00f1ero, que siempre trat\u00f3 de desempe\u00f1arse en su trabajo de la mejor manera posible\u201d, se\u00f1al\u00f3 su hermano, Nicol\u00e1s Viggiano, que se desempe\u00f1a como secretario de la Fiscal\u00eda General de los Tribunales.<\/p>\n<p>\u201c\u00c9l se destac\u00f3 cuando fue reformada la Ley de Estupefacientes, en 2006, ya que fue el primer juez de Garant\u00edas que no procesaba a la gente con posesi\u00f3n de drogas blandas, como la marihuana, ya que lo tomaba como consumo personal. Eso lo marc\u00f3 para bien, porque con su fallo sent\u00f3 precedente en los dem\u00e1s jueces y en el \u00e1mbito de toda la provincia de Buenos Aires\u201d, record\u00f3.<\/p>\n<p>Lo cierto es que antes de descubrir la placa, algunos colegas dieron un sentido discurso, donde no faltaron muestras de afecto y admiraci\u00f3n.<\/p>\n<p>Su mujer, en tanto, Gabriela Ins\u00faa, en medio de l\u00e1grimas tambi\u00e9n dedic\u00f3 unas palabras para recordar a su marido, a quien calific\u00f3 de \u201cexcelente compa\u00f1ero\u201d.<\/p>\n<p>Luego, fue el Obispo auxiliar de Buenos Aires, Luis Fern\u00e1ndez, quien bendijo la placa que luego fue descubierta por Gabriela y Nicol\u00e1s, rebautizando la Sala I de la C\u00e1mara como \u201cSala de Debate Dr. Daniel Alejandro Viggiano\u201d.<\/p>\n<p>El acto cont\u00f3 con la presencia de jueces de la C\u00e1mara de Apelaciones en lo Civil y Comercial, del presidente del Consejo de Superintendencia Departamentales, Julio Rodr\u00edguez Herlein, del presidente de la Uni\u00f3n de Magistrados del Departamento Judicial de Lomas de Zamora, Jorge Trist\u00e1n Rodr\u00edguez; de los jueces Silvia Susana Gonz\u00e1lez, Marta Carranza y Hugo Van Schilt y del presidente del Colegio de Abogados del Departamento Judicial de Lomas de Zamora, Diego Molea, entre otros.<\/p>\n<p>Por otra parte, el presidente del Instituto de Estudios Judiciales, Emilio Villamayor, explic\u00f3 c\u00f3mo naci\u00f3 la idea del homenaje.<\/p>\n<p>\u201cDesde el instituto hicimos un pedido al Consejo de Superintendencia de Tribunales para ponerle el nombre a la sala. Obviamente el pedido fue positivo y a partir de ah\u00ed comenzamos con los preparativos. El fue un profesional brillante y un ejemplo para todos. Merec\u00eda este homenaje\u201d, asegur\u00f3.<\/p>\n","protected":false},"excerpt":{"rendered":"<p>Colegas, amigos y familiares del juez de los Tribunales de Lomas de Zamora Daniel Alejandro Viggiano, participaron ayer de una ceremonia que se realiz\u00f3 en el Palacio de Justicia y que tuvo un \u00fanico objetivo, homenajearlo a un a\u00f1o de su muerte. El magistrado falleci\u00f3 el 4 de julio de 2009, a los 38 a\u00f1os,&hellip;<\/p>\n","protected":false},"author":1,"featured_media":0,"comment_status":"open","ping_status":"open","sticky":false,"template":"","format":"standard","meta":{"footnotes":""},"categories":[24],"tags":[3325,874,4369,744,4370,1112],"class_list":["post-8963","post","type-post","status-publish","format-standard","hentry","category-sociales","tag-cancer","tag-fallecimiento","tag-juez-daniel-alejandro-viggiano","tag-lomas-de-zamora","tag-magistrado","tag-tribunales"],"_links":{"self":[{"href":"https:\/\/www.elsindical.com.ar\/notas\/wp-json\/wp\/v2\/posts\/8963","targetHints":{"allow":["GET"]}}],"collection":[{"href":"https:\/\/www.elsindical.com.ar\/notas\/wp-json\/wp\/v2\/posts"}],"about":[{"href":"https:\/\/www.elsindical.com.ar\/notas\/wp-json\/wp\/v2\/types\/post"}],"author":[{"embeddable":true,"href":"https:\/\/www.elsindical.com.ar\/notas\/wp-json\/wp\/v2\/users\/1"}],"replies":[{"embeddable":true,"href":"https:\/\/www.elsindical.com.ar\/notas\/wp-json\/wp\/v2\/comments?post=8963"}],"version-history":[{"count":1,"href":"https:\/\/www.elsindical.com.ar\/notas\/wp-json\/wp\/v2\/posts\/8963\/revisions"}],"predecessor-version":[{"id":8965,"href":"https:\/\/www.elsindical.com.ar\/notas\/wp-json\/wp\/v2\/posts\/8963\/revisions\/8965"}],"wp:attachment":[{"href":"https:\/\/www.elsindical.com.ar\/notas\/wp-json\/wp\/v2\/media?parent=8963"}],"wp:term":[{"taxonomy":"category","embeddable":true,"href":"https:\/\/www.elsindical.com.ar\/notas\/wp-json\/wp\/v2\/categories?post=8963"},{"taxonomy":"post_tag","embeddable":true,"href":"https:\/\/www.elsindical.com.ar\/notas\/wp-json\/wp\/v2\/tags?post=8963"}],"curies":[{"name":"wp","href":"https:\/\/api.w.org\/{rel}","templated":true}]}}