{"id":89628,"date":"2019-09-06T00:21:15","date_gmt":"2019-09-06T03:21:15","guid":{"rendered":"http:\/\/www.elsindical.com.ar\/notas\/?p=89628"},"modified":"2019-09-06T00:21:15","modified_gmt":"2019-09-06T03:21:15","slug":"efemerides-del-dia-6-de-septiembre-5","status":"publish","type":"post","link":"https:\/\/www.elsindical.com.ar\/notas\/efemerides-del-dia-6-de-septiembre-5\/","title":{"rendered":"EFEM\u00c9RIDES: DEL D\u00cdA 6 DE SEPTIEMBRE"},"content":{"rendered":"\n<p>\u2013 D\u00eda Nacional de las Relaciones P\u00fablicas (en Argentina)<\/p>\n\n\n\n<p>1522 \u2013 Juan Sebasti\u00e1n Elcano llega a Espa\u00f1a con una nave y 18 hombres, luego de dar por 1ra. vez la vuelta al mundo.<\/p>\n\n\n\n<p>1811 \u2013 Aparece \u00abEl Peruano\u00bb, primer peri\u00f3dico patriota de Per\u00fa.<\/p>\n\n\n\n<p>1869 \u2013 Muere en Buenos Aires el escritor y jurista Valent\u00edn Alsina.<\/p>\n\n\n\n<p>1869\n \u2013 Tr\u00e1gica explosi\u00f3n en una mina de Pensilvania, EE.UU. como \nconsecuencia de las terribles condiciones en que trabajaban los mineros.\n Mueren 110 personas.<\/p>\n\n\n\n<p>1900 \u2013 Nace Nicol\u00e1s Olivari, escritor y poeta argentino.<\/p>\n\n\n\n<p>1901 \u2013 Atentado contra el presidente estadounidense, William McKinley, qui\u00e9n muere d\u00edas despu\u00e9s.<\/p>\n\n\n\n<p>1906 \u2013 Nace Luis Federico Leloir, investigador especializado en qu\u00edmica biol\u00f3gica, ganador del Premio Nobel de Qu\u00edmica en 1970.<\/p>\n\n\n\n<p>1907 \u2013 Muere Jer\u00f3nimo de la Osa, escritor paname\u00f1o.<\/p>\n\n\n\n<p>1916 \u2013 El primer supermercado verdadero, el \u00abPiggly Wiggly\u00bb es abierto por Clarence Saunders en Memphis, Tennessee.<\/p>\n\n\n\n<p>1921 \u2013 Muere el Dr. Dardo Rocha, fundador de la ciudad de La Plata.<\/p>\n\n\n\n<p>1928 \u2013 Se empieza a construir la L\u00ednea B de Subterr\u00e1neos.<\/p>\n\n\n\n<p>1930 \u2013 Golpe militar en Argentina: el General Jos\u00e9 F\u00e9lix Uriburu derroca al presidente Hip\u00f3lito Yrigoyen.<\/p>\n\n\n\n<p>1944 \u2013 Nace Roger Waters, de Pink Floyd.<\/p>\n\n\n\n<p>1946 \u2013 Nace \u00c1ngel Cappa, entrenador de f\u00fatbol argentino.<\/p>\n\n\n\n<p>1948 \u2013 Coronaci\u00f3n de la reina Juliana de Holanda.<\/p>\n\n\n\n<p>1966 \u2013 Asesinan al Primer Ministro de Sud\u00e1frica, Henrik F. Verwoerd, arquitecto del apartheid.<\/p>\n\n\n\n<p>1968 \u2013 Swazilandia logra su independencia.<\/p>\n\n\n\n<p>1970 \u2013 Yaser Arafat es nombrado general en jefe de las fuerzas revolucionarias palestinas.<\/p>\n\n\n\n<p>1972 \u2013 Nace Idris Elba, actor brit\u00e1nico.<\/p>\n\n\n\n<p>1979 \u2013 Llega a la Argentina la Comisi\u00f3n Interamericana de Derechos Humanos.<\/p>\n\n\n\n<p>1983 \u2013 Protestas en Chile contra el r\u00e9gimen de Pinochet, con el resultado de once muertos, 25 heridos y 200 detenidos.<\/p>\n\n\n\n<p>1984 \u2013 Nace Paula Chaves, modelo y conductora de televisi\u00f3n argentina.<\/p>\n\n\n\n<p>1991 \u2013 Mija\u00edl Gorbachov reconoce la independencia de las rep\u00fablicas b\u00e1lticas (Estonia, Lituania y Letonia).<\/p>\n\n\n\n<p>1992 \u2013 Muere Roberto Grela, guitarrista y compositor de tangos argentino<\/p>\n\n\n\n<p>1996\n \u2013 El canciller alem\u00e1n Helmut Kohl recibe el Premio Pr\u00edncipe de Asturias\n de Cooperaci\u00f3n Internacional por su labor en la reunificaci\u00f3n alemana y\n en el proceso de construcci\u00f3n de la UE.<\/p>\n\n\n\n<p>1997 \u2013 Se realiza en Londres el funeral de la princesa Diana de Gales. Asiste un mill\u00f3n de personas.<\/p>\n\n\n\n<p>1998 \u2013 Muere Akira Kurosawa, cineasta japon\u00e9s.<\/p>\n\n\n\n<p>2007 \u2013 Muere Luciano Pavarotti, tenor italiano.<\/p>\n\n\n\n<p>2017 \u2013 El hurac\u00e1n Irma destroza el 95% de los edificios en Barbuda.<\/p>\n\n\n\n<p>2017 \u2013 El parlamento de Catalu\u00f1a aprueba ley para permitir el refer\u00e9ndum por la independencia de Espa\u00f1a.<\/p>\n\n\n\n<p>2018 \u2013 Muere Burt Reynolds, actor, director de cine y productor estadounidense.<\/p>\n","protected":false},"excerpt":{"rendered":"<p>\u2013 D\u00eda Nacional de las Relaciones P\u00fablicas (en Argentina) 1522 \u2013 Juan Sebasti\u00e1n Elcano llega a Espa\u00f1a con una nave y 18 hombres, luego de dar por 1ra. vez la vuelta al mundo. 1811 \u2013 Aparece \u00abEl Peruano\u00bb, primer peri\u00f3dico patriota de Per\u00fa. 1869 \u2013 Muere en Buenos Aires el escritor y jurista Valent\u00edn Alsina.&hellip;<\/p>\n","protected":false},"author":1,"featured_media":0,"comment_status":"open","ping_status":"open","sticky":false,"template":"","format":"standard","meta":{"footnotes":""},"categories":[14],"tags":[],"class_list":["post-89628","post","type-post","status-publish","format-standard","hentry","category-efemerides"],"_links":{"self":[{"href":"https:\/\/www.elsindical.com.ar\/notas\/wp-json\/wp\/v2\/posts\/89628","targetHints":{"allow":["GET"]}}],"collection":[{"href":"https:\/\/www.elsindical.com.ar\/notas\/wp-json\/wp\/v2\/posts"}],"about":[{"href":"https:\/\/www.elsindical.com.ar\/notas\/wp-json\/wp\/v2\/types\/post"}],"author":[{"embeddable":true,"href":"https:\/\/www.elsindical.com.ar\/notas\/wp-json\/wp\/v2\/users\/1"}],"replies":[{"embeddable":true,"href":"https:\/\/www.elsindical.com.ar\/notas\/wp-json\/wp\/v2\/comments?post=89628"}],"version-history":[{"count":1,"href":"https:\/\/www.elsindical.com.ar\/notas\/wp-json\/wp\/v2\/posts\/89628\/revisions"}],"predecessor-version":[{"id":89629,"href":"https:\/\/www.elsindical.com.ar\/notas\/wp-json\/wp\/v2\/posts\/89628\/revisions\/89629"}],"wp:attachment":[{"href":"https:\/\/www.elsindical.com.ar\/notas\/wp-json\/wp\/v2\/media?parent=89628"}],"wp:term":[{"taxonomy":"category","embeddable":true,"href":"https:\/\/www.elsindical.com.ar\/notas\/wp-json\/wp\/v2\/categories?post=89628"},{"taxonomy":"post_tag","embeddable":true,"href":"https:\/\/www.elsindical.com.ar\/notas\/wp-json\/wp\/v2\/tags?post=89628"}],"curies":[{"name":"wp","href":"https:\/\/api.w.org\/{rel}","templated":true}]}}