{"id":8961,"date":"2010-08-26T14:05:36","date_gmt":"2010-08-26T17:05:36","guid":{"rendered":"http:\/\/www.elsindical.com.ar\/notas\/?p=8961"},"modified":"2010-08-26T14:48:33","modified_gmt":"2010-08-26T17:48:33","slug":"caballitosecuestraron-al-hijo-de-un-joyero-y-lo-liberaron-en-lugano","status":"publish","type":"post","link":"https:\/\/www.elsindical.com.ar\/notas\/caballitosecuestraron-al-hijo-de-un-joyero-y-lo-liberaron-en-lugano\/","title":{"rendered":"Caballito:Secuestraron al hijo de un joyero y lo liberaron en Lugano"},"content":{"rendered":"<p style=\"text-align: justify;\"><em><a href=\"http:\/\/www.elsindical.com.ar\/notas\/var\/www\/html\/notas\/wp-content\/uploads\/2010\/02\/asaltante-armado.jpg\"><img loading=\"lazy\" decoding=\"async\" class=\"alignleft size-full wp-image-3601\" title=\"asaltante-armado\" src=\"http:\/\/www.elsindical.com.ar\/notas\/var\/www\/html\/notas\/wp-content\/uploads\/2010\/02\/asaltante-armado.jpg\" alt=\"\" width=\"142\" height=\"142\" \/><\/a>Anoche, en el barrio de Caballito, delincuentes armados secuestraron al hijo de un joyero, lo llevaron hasta Recoleta a la joyer\u00eda de su padre, pero al no poder abrir la caja fuerte, lo llevaron cautivo para pedir rescate, pero luego de cuatro horas lo liberaron en Lugano.<\/em><\/p>\n<p style=\"text-align: justify;\">El hijo del propietario de una joyer\u00eda y su novia fueron capturados anoche en Caballito por delincuentes, que los llevaron hasta las oficinas de la empresa, en Recoleta, luego realizaron llamados extorsivos a sus familiares y finalmente los liberaron sin que se pagara rescate en Villa Lugano, informaron fuentes policiales.<\/p>\n<p style=\"text-align: justify;\">El hecho se inici\u00f3 alrededor de las 22:30 hs., cuando la v\u00edctima, Juan Ignacio Pereira, y su novia, fueron abordados en Caballito mientras circulaban en un auto, un Audi A3.<\/p>\n<p style=\"text-align: justify;\">Seg\u00fan las fuentes, fueron hasta las oficinas de la joyer\u00eda \u00abHomero\u00bb, en Rodr\u00edguez Pe\u00f1a y Posadas, donde los delincuentes robaron joyas y dinero (1000 d\u00f3lares y 700 euros) pero al activarse la alarma escaparon con las v\u00edctimas. Antes de liberarlos, cerca de las 02:30 hs.\u00a0de la madrugada, hicieron varios llamados extorsivos a la familia.<\/p>\n<p style=\"text-align: justify;\">El joven y su novia fueron intercetados en la calle Jos\u00e9 Bonifacio al 1400, y el joven se comunic\u00f3 con su hermana para pedirle las llaves del local de la joyer\u00eda, hecho que hizo dudar a su hermana y cu\u00f1ado por la hora, quienes se comunicaron con la Comisar\u00eda 33 del barrio de Belgrano donde ellos viven.<\/p>\n<p style=\"text-align: justify;\">Una vez que el joven secuestrado consigui\u00f3 las llaves por una empleada, ingres\u00f3 con su novia y los delincuentes a la joyer\u00eda pero activ\u00f3 la alarma de una de las oficinas lo que hizo que los delincuentes tuvieran que hu\u00edr llevandose joyas de poco valor, y ante esto intervino una nueva Comisar\u00eda la 17 con jurisdicci\u00f3n en el \u00e1rea del local quienes enterados de la denuncia en la 33 dieron aviso a la Div. Antisecuestros de la Polic\u00eda Federal Argentina.<\/p>\n<p style=\"text-align: justify;\">Con la intervenci\u00f3n del Fiscal Federal Patricio Evers, los familiares fueron asesorados durante los llamados extorsivos, y los captores optaron por dejar a la pareja en las inmediaciones del barrio Lugano I y II, mientras que el autom\u00f3vil fue encontrado cerca de una villa en el partido de Lan\u00fas.<\/p>\n","protected":false},"excerpt":{"rendered":"<p>Anoche, en el barrio de Caballito, delincuentes armados secuestraron al hijo de un joyero, lo llevaron hasta Recoleta a la joyer\u00eda de su padre, pero al no poder abrir la caja fuerte, lo llevaron cautivo para pedir rescate, pero luego de cuatro horas lo liberaron en Lugano. El hijo del propietario de una joyer\u00eda y&hellip;<\/p>\n","protected":false},"author":1,"featured_media":0,"comment_status":"open","ping_status":"open","sticky":false,"template":"","format":"standard","meta":{"footnotes":""},"categories":[22],"tags":[3649,400,581,4368,3212,30,3302,3085],"class_list":["post-8961","post","type-post","status-publish","format-standard","hentry","category-policiales","tag-armados","tag-caballito","tag-delincuentes","tag-joyeria","tag-lugano","tag-policia","tag-recoleta","tag-rescate"],"_links":{"self":[{"href":"https:\/\/www.elsindical.com.ar\/notas\/wp-json\/wp\/v2\/posts\/8961","targetHints":{"allow":["GET"]}}],"collection":[{"href":"https:\/\/www.elsindical.com.ar\/notas\/wp-json\/wp\/v2\/posts"}],"about":[{"href":"https:\/\/www.elsindical.com.ar\/notas\/wp-json\/wp\/v2\/types\/post"}],"author":[{"embeddable":true,"href":"https:\/\/www.elsindical.com.ar\/notas\/wp-json\/wp\/v2\/users\/1"}],"replies":[{"embeddable":true,"href":"https:\/\/www.elsindical.com.ar\/notas\/wp-json\/wp\/v2\/comments?post=8961"}],"version-history":[{"count":3,"href":"https:\/\/www.elsindical.com.ar\/notas\/wp-json\/wp\/v2\/posts\/8961\/revisions"}],"predecessor-version":[{"id":8967,"href":"https:\/\/www.elsindical.com.ar\/notas\/wp-json\/wp\/v2\/posts\/8961\/revisions\/8967"}],"wp:attachment":[{"href":"https:\/\/www.elsindical.com.ar\/notas\/wp-json\/wp\/v2\/media?parent=8961"}],"wp:term":[{"taxonomy":"category","embeddable":true,"href":"https:\/\/www.elsindical.com.ar\/notas\/wp-json\/wp\/v2\/categories?post=8961"},{"taxonomy":"post_tag","embeddable":true,"href":"https:\/\/www.elsindical.com.ar\/notas\/wp-json\/wp\/v2\/tags?post=8961"}],"curies":[{"name":"wp","href":"https:\/\/api.w.org\/{rel}","templated":true}]}}