{"id":89603,"date":"2019-09-05T11:03:30","date_gmt":"2019-09-05T14:03:30","guid":{"rendered":"http:\/\/www.elsindical.com.ar\/notas\/?p=89603"},"modified":"2019-09-05T11:03:46","modified_gmt":"2019-09-05T14:03:46","slug":"gobierno-analiza-mas-partidas-y-convoca-a-cgt","status":"publish","type":"post","link":"https:\/\/www.elsindical.com.ar\/notas\/gobierno-analiza-mas-partidas-y-convoca-a-cgt\/","title":{"rendered":"Gobierno analiza m\u00e1s partidas y convoca a CGT"},"content":{"rendered":"\n<figure class=\"wp-block-image\"><img loading=\"lazy\" decoding=\"async\" width=\"730\" height=\"410\" src=\"http:\/\/www.elsindical.com.ar\/notas\/var\/www\/html\/notas\/wp-content\/uploads\/2019\/09\/Carolina-Stanley-conferencia.jpg\" alt=\"\" class=\"wp-image-89604\" srcset=\"https:\/\/www.elsindical.com.ar\/notas\/var\/www\/html\/notas\/wp-content\/uploads\/2019\/09\/Carolina-Stanley-conferencia.jpg 730w, https:\/\/www.elsindical.com.ar\/notas\/var\/www\/html\/notas\/wp-content\/uploads\/2019\/09\/Carolina-Stanley-conferencia-300x168.jpg 300w, https:\/\/www.elsindical.com.ar\/notas\/var\/www\/html\/notas\/wp-content\/uploads\/2019\/09\/Carolina-Stanley-conferencia-500x281.jpg 500w\" sizes=\"auto, (max-width: 730px) 100vw, 730px\" \/><\/figure>\n\n\n\n<p>La ministra Stanley recibi\u00f3 una carta de la CGT dirigida a Macri y se comprometi\u00f3 a responderla el lunes.<\/p>\n\n\n\n<p>El&nbsp;Gobierno&nbsp;abri\u00f3 ayer una ventana\n para ampliar la asistencia alimentaria a comedores y sectores sociales \nvulnerables ante la oleada de reclamos multisectoriales en esa \nl\u00ednea.&nbsp;Fue en una negociaci\u00f3n que mantuvo ayer la&nbsp;CGT&nbsp;con la ministra de\n Desarrollo Social,&nbsp;Carolina Stanley, en paralelo con una nueva \nmovilizaci\u00f3n al centro porte\u00f1o de organizaciones piqueteras y mientras \notros sectores de las iglesias Cat\u00f3lica y evang\u00e9lica, el empresariado, \nel sindicalismo y los movimientos sociales emit\u00edan, por su parte, una \ndeclaraci\u00f3n para exigir la implantaci\u00f3n de la&nbsp;emergencia alimentaria.<\/p>\n\n\n\n<p>La central obrera emiti\u00f3 ayer mismo un comunicado dirigido a Mauricio\n Macri en el que reclam\u00f3 la declaraci\u00f3n de la emergencia alimentaria y \nnutricional&nbsp;y la convocatoria, por parte del Ejecutivo, de todas las \norganizaciones sociales, pol\u00edticas y gremiales, p\u00fablicas, privadas y \nreligiosas para la puesta a disposici\u00f3n de sus infraestructuras para la \natenci\u00f3n de personas afectadas por el hambre y la falta de techo.&nbsp;En la \nc\u00fapula de la CGT aseguraron que Stanley recibi\u00f3 el planteo con la \npredisposici\u00f3n para darle una acogida favorable y se comprometi\u00f3 a \nbrindar una respuesta el lunes.<\/p>\n\n\n\n<p>En la administraci\u00f3n de Mauricio Macri, donde hasta ayer descartaban \nla posibilidad de atender el reclamo a favor de la emergencia tal cual \nhab\u00eda sido planteado, reconocieron anoche que se estudiaba alg\u00fan \nmecanismo para reforzar la atenci\u00f3n de los sectores m\u00e1s golpeados por la\n inflaci\u00f3n en los alimentos. Y aclararon que no necesariamente ser\u00eda \nmediante la meneada \u201cemergencia alimentaria\u201d al se\u00f1alar que desde 2017 \nrige la \u201cLey de Emergencia Social\u201d que cre\u00f3 el salario social \ncomplementario (equivalente a la mitad del sueldo m\u00ednimo, vital y m\u00f3vil)\n como unidad de medida para los planes para desocupados.<\/p>\n\n\n\n<p>En vista de que parte de los postulados de la norma, sancionada en \ndiciembre de 2016 y vigente desde mayo del a\u00f1o siguiente, vencer\u00e1n en \ndiciembre,&nbsp;el Gobierno podr\u00eda acelerar una pr\u00f3rroga y aumentar algunas \nde las partidas presupuestarias. Para hacerlo, explicaron los \nfuncionarios, se requerir\u00e1 coordinaci\u00f3n entre Naci\u00f3n y las provincias \nque son corresponsables de las pol\u00edticas de seguridad alimentaria. De \ntodos modos, el Ejecutivo intentar\u00e1 manejar los tiempos para brindar esa\n respuesta y no cederles la iniciativa a los sectores que presionaron en\n los \u00faltimos d\u00edas con ese argumento.<\/p>\n\n\n\n<p>A trav\u00e9s de un comunicado que difundi\u00f3 ayer por la ma\u00f1ana, la CGT \nadvirti\u00f3 que \u201cresulta impostergable tomar medidas urgentes y \nextraordinarias\u201d para paliar el hambre del que dan cuenta \u201clos balances \nsociales efectuados por la Comisi\u00f3n Episcopal de la Pastoral Social de \nla Iglesia, por prestigiosas universidades nacionales, por organismos e \ninstituciones de reconocida trayectoria, todos ellos confirmados por los\n datos oficiales del INDEC\u201d. Y destaca la \u201clarga tradici\u00f3n en redes de \nsolidaridad, con vasos comunicantes en todo el pa\u00eds, de incontables \nactores sociales con gran experiencia en la materia e infraestructura \ndisponible, instituciones p\u00fablicas, privadas y religiosas, capaces de \nactuar en la emergencia\u201d.<\/p>\n\n\n\n<p>Ante ese panorama la central sindical, con la firma de sus dos \ncosecretarios generales H\u00e9ctor Daer y Carlos Acu\u00f1a, demand\u00f3&nbsp;\u201cla urgente \ndeclaraci\u00f3n de la emergencia alimentaria y nutricional y la inmediata \nconvocatoria, a todos los actores sociales con responsabilidad, probada \nexperiencia e infraestructura disponible, a coordinar acciones en forma \nconjunta para atacar el flagelo social del hambre\u201d.<\/p>\n\n\n\n<p>En paralelo, y mientras una masiva marcha de organizaciones sociales \ncapitaneadas por el Polo Obrero manifestaba frente a Desarrollo Social y\n montaba un acampe a la espera de una respuesta formal de Stanley a sus \nreclamos, una mesa multisectorial organizada por la Pastoral Social de \nla Iglesia Cat\u00f3lica se congreg\u00f3 para discutir los lineamientos de un \nreclamo conjunto por la emergencia alimentaria. Aunque al finalizar las \ndeliberaciones se difundi\u00f3 un comunicado en el que aparec\u00edan como \nsignatarias entidades como la CGT, las dos CTA, la Uni\u00f3n Industrial \nArgentina (UIA) y otras entidades patronales, varias de ellas luego \ndesmintieron haberlo firmado. Fue el caso de la entidad fabril, de la \nprincipal central obrera y de la Federaci\u00f3n Agraria, entre otras, que si\n bien dijeron haber formado parte de deliberaciones de esa mesa no \nhab\u00edan estampado su firma en ning\u00fan documento formal.<\/p>\n\n\n\n<p>Se trat\u00f3, como hab\u00eda anticipado este diario, de un nuevo encuentro de\n la Mesa de Di\u00e1logo y Encuentro por el Trabajo y la Vida Digna que desde\n el a\u00f1o pasado delibera bajo las convocatorias de la Pastoral Social y \nque ya hacia diciembre le hab\u00eda reclamado al Gobierno nacional un cambio\n de rumbo.&nbsp;Si bien la Pastoral y C\u00e1ritas emitieron la semana pasada un \ndocumento con el reclamo de la sanci\u00f3n de una emergencia alimentaria, en\n esta ocasi\u00f3n se intent\u00f3 un comunicado multisectorial. Con el correr de \nla tarde, sin embargo, varios de sus participantes se ocuparon de \naclarar que no contaban con el aval de sus respectivas instituciones \npara involucrarlas en todos los p\u00e1rrafos del texto.<\/p>\n","protected":false},"excerpt":{"rendered":"<p>La ministra Stanley recibi\u00f3 una carta de la CGT dirigida a Macri y se comprometi\u00f3 a responderla el lunes. El&nbsp;Gobierno&nbsp;abri\u00f3 ayer una ventana para ampliar la asistencia alimentaria a comedores y sectores sociales vulnerables ante la oleada de reclamos multisectoriales en esa l\u00ednea.&nbsp;Fue en una negociaci\u00f3n que mantuvo ayer la&nbsp;CGT&nbsp;con la ministra de Desarrollo Social,&nbsp;Carolina&hellip;<\/p>\n","protected":false},"author":1,"featured_media":89604,"comment_status":"open","ping_status":"open","sticky":false,"template":"","format":"standard","meta":{"footnotes":""},"categories":[13],"tags":[8944,910,76,284],"class_list":["post-89603","post","type-post","status-publish","format-standard","has-post-thumbnail","hentry","category-politica","tag-carolina-stanley","tag-cgt","tag-mauricio-macri","tag-partidas"],"_links":{"self":[{"href":"https:\/\/www.elsindical.com.ar\/notas\/wp-json\/wp\/v2\/posts\/89603","targetHints":{"allow":["GET"]}}],"collection":[{"href":"https:\/\/www.elsindical.com.ar\/notas\/wp-json\/wp\/v2\/posts"}],"about":[{"href":"https:\/\/www.elsindical.com.ar\/notas\/wp-json\/wp\/v2\/types\/post"}],"author":[{"embeddable":true,"href":"https:\/\/www.elsindical.com.ar\/notas\/wp-json\/wp\/v2\/users\/1"}],"replies":[{"embeddable":true,"href":"https:\/\/www.elsindical.com.ar\/notas\/wp-json\/wp\/v2\/comments?post=89603"}],"version-history":[{"count":1,"href":"https:\/\/www.elsindical.com.ar\/notas\/wp-json\/wp\/v2\/posts\/89603\/revisions"}],"predecessor-version":[{"id":89605,"href":"https:\/\/www.elsindical.com.ar\/notas\/wp-json\/wp\/v2\/posts\/89603\/revisions\/89605"}],"wp:featuredmedia":[{"embeddable":true,"href":"https:\/\/www.elsindical.com.ar\/notas\/wp-json\/wp\/v2\/media\/89604"}],"wp:attachment":[{"href":"https:\/\/www.elsindical.com.ar\/notas\/wp-json\/wp\/v2\/media?parent=89603"}],"wp:term":[{"taxonomy":"category","embeddable":true,"href":"https:\/\/www.elsindical.com.ar\/notas\/wp-json\/wp\/v2\/categories?post=89603"},{"taxonomy":"post_tag","embeddable":true,"href":"https:\/\/www.elsindical.com.ar\/notas\/wp-json\/wp\/v2\/tags?post=89603"}],"curies":[{"name":"wp","href":"https:\/\/api.w.org\/{rel}","templated":true}]}}