{"id":89600,"date":"2019-09-05T02:04:24","date_gmt":"2019-09-05T05:04:24","guid":{"rendered":"http:\/\/www.elsindical.com.ar\/notas\/?p=89600"},"modified":"2019-09-05T02:04:24","modified_gmt":"2019-09-05T05:04:24","slug":"corte-total-y-acampe-en-avenida-9-de-julio-en-reclamo-de-emergencia-alimentaria","status":"publish","type":"post","link":"https:\/\/www.elsindical.com.ar\/notas\/corte-total-y-acampe-en-avenida-9-de-julio-en-reclamo-de-emergencia-alimentaria\/","title":{"rendered":"Corte total y acampe en avenida 9 de julio en reclamo de \u00abemergencia alimentaria\u00bb"},"content":{"rendered":"\n<figure class=\"wp-block-image\"><img loading=\"lazy\" decoding=\"async\" width=\"1024\" height=\"712\" src=\"http:\/\/www.elsindical.com.ar\/notas\/var\/www\/html\/notas\/wp-content\/uploads\/2019\/09\/acampe-de-9-de-julio-2019-1024x712.jpg\" alt=\"\" class=\"wp-image-89601\" srcset=\"https:\/\/www.elsindical.com.ar\/notas\/var\/www\/html\/notas\/wp-content\/uploads\/2019\/09\/acampe-de-9-de-julio-2019-1024x712.jpg 1024w, https:\/\/www.elsindical.com.ar\/notas\/var\/www\/html\/notas\/wp-content\/uploads\/2019\/09\/acampe-de-9-de-julio-2019-300x208.jpg 300w, https:\/\/www.elsindical.com.ar\/notas\/var\/www\/html\/notas\/wp-content\/uploads\/2019\/09\/acampe-de-9-de-julio-2019-768x534.jpg 768w, https:\/\/www.elsindical.com.ar\/notas\/var\/www\/html\/notas\/wp-content\/uploads\/2019\/09\/acampe-de-9-de-julio-2019-432x300.jpg 432w, https:\/\/www.elsindical.com.ar\/notas\/var\/www\/html\/notas\/wp-content\/uploads\/2019\/09\/acampe-de-9-de-julio-2019.jpg 1170w\" sizes=\"auto, (max-width: 1024px) 100vw, 1024px\" \/><\/figure>\n\n\n\n<p> La CTEP, la CCC y  Barrios de Pie, entre otros, reclaman la emergencia alimentaria y  nutricional. \u00abNos vamos a quedar a pasar la noche, tenemos que sacarle  cupos a Macri\u00bb, amenazaron desde el lugar. <\/p>\n\n\n\n<p><strong>Grupos&nbsp;piqueteros&nbsp;acampan sobre la 9 de Julio <\/strong>en el marco del reclamo por la emergencia&nbsp;alimentaria&nbsp;y&nbsp;nutricional.<\/p>\n\n\n\n<p>\u00abNos vamos a quedar a pasar la noche, tenemos que&nbsp;sacarle&nbsp;cupos \na&nbsp;Macri\u00bb, expresaron manifestantes al canal TN, mientras desplegaban las\n carpas en medio de la v\u00eda p\u00fablica.<\/p>\n\n\n\n<p><strong>El Polo Obrero, Barrios de Pie, Corriente de Trabajadores de  la Econom\u00eda Popular (CTEP), la Corriente Clasista y\u00a0Combativa\u00a0(CCC),  junto a m\u00e1s de 30 organizaciones, arrancaron a las 10 de este mi\u00e9rcoles  una \u00abJornada Nacional de Acampes\u00bb,<\/strong> con corte total de la 9 de  Julio \u00abpor tiempo indeterminado\u00bb frente al Ministerio de Desarrollo  Social de la Naci\u00f3n, en el cruce de la Avenida de Mayo y 9 de julio.<\/p>\n\n\n\n<p>La protesta se produjo luego del \u00abfracaso\u00bb de las reuniones entre  funcionarios de Desarrollo y los referentes de las organizaciones,  quienes presentaron una serie de \u00abreclamos elementales\u00bb, entre los que  se encuentra el pedido de declarar la Ley de Emergencia\u00a0Alimentaria.<\/p>\n\n\n\n<p>El mi\u00e9rcoles pasado, una manifestaci\u00f3n con cortes de calles de  partidos de izquierda y organizaciones\u00a0piqueteras\u00a0gener\u00f3 un caos de  tr\u00e1nsito durante toda la ma\u00f1ana, tanto en la Ciudad como en los\u00a0accesos.<\/p>\n\n\n\n<p>Desde las 11.00 de este&nbsp;mi\u00e9rcoles marcharon hacia el Congreso para \nmantener una reuni\u00f3n de trabajo con diputados de distintos bloques con \nel objetivo de intentar convocar a una sesi\u00f3n especial para que la \nsemana que viene se trate un proyecto de declaraci\u00f3n de emergencia \nalimentaria.<\/p>\n","protected":false},"excerpt":{"rendered":"<p>La CTEP, la CCC y Barrios de Pie, entre otros, reclaman la emergencia alimentaria y nutricional. \u00abNos vamos a quedar a pasar la noche, tenemos que sacarle cupos a Macri\u00bb, amenazaron desde el lugar. Grupos&nbsp;piqueteros&nbsp;acampan sobre la 9 de Julio en el marco del reclamo por la emergencia&nbsp;alimentaria&nbsp;y&nbsp;nutricional. \u00abNos vamos a quedar a pasar la&hellip;<\/p>\n","protected":false},"author":1,"featured_media":89601,"comment_status":"open","ping_status":"open","sticky":false,"template":"","format":"standard","meta":{"footnotes":""},"categories":[25],"tags":[836,3327,12209,24120],"class_list":["post-89600","post","type-post","status-publish","format-standard","has-post-thumbnail","hentry","category-sociedad","tag-9-de-julio","tag-barrios-de-pie","tag-ccc","tag-ctep"],"_links":{"self":[{"href":"https:\/\/www.elsindical.com.ar\/notas\/wp-json\/wp\/v2\/posts\/89600","targetHints":{"allow":["GET"]}}],"collection":[{"href":"https:\/\/www.elsindical.com.ar\/notas\/wp-json\/wp\/v2\/posts"}],"about":[{"href":"https:\/\/www.elsindical.com.ar\/notas\/wp-json\/wp\/v2\/types\/post"}],"author":[{"embeddable":true,"href":"https:\/\/www.elsindical.com.ar\/notas\/wp-json\/wp\/v2\/users\/1"}],"replies":[{"embeddable":true,"href":"https:\/\/www.elsindical.com.ar\/notas\/wp-json\/wp\/v2\/comments?post=89600"}],"version-history":[{"count":1,"href":"https:\/\/www.elsindical.com.ar\/notas\/wp-json\/wp\/v2\/posts\/89600\/revisions"}],"predecessor-version":[{"id":89602,"href":"https:\/\/www.elsindical.com.ar\/notas\/wp-json\/wp\/v2\/posts\/89600\/revisions\/89602"}],"wp:featuredmedia":[{"embeddable":true,"href":"https:\/\/www.elsindical.com.ar\/notas\/wp-json\/wp\/v2\/media\/89601"}],"wp:attachment":[{"href":"https:\/\/www.elsindical.com.ar\/notas\/wp-json\/wp\/v2\/media?parent=89600"}],"wp:term":[{"taxonomy":"category","embeddable":true,"href":"https:\/\/www.elsindical.com.ar\/notas\/wp-json\/wp\/v2\/categories?post=89600"},{"taxonomy":"post_tag","embeddable":true,"href":"https:\/\/www.elsindical.com.ar\/notas\/wp-json\/wp\/v2\/tags?post=89600"}],"curies":[{"name":"wp","href":"https:\/\/api.w.org\/{rel}","templated":true}]}}