{"id":89567,"date":"2019-09-03T15:07:37","date_gmt":"2019-09-03T18:07:37","guid":{"rendered":"http:\/\/www.elsindical.com.ar\/notas\/?p=89567"},"modified":"2019-09-03T15:07:50","modified_gmt":"2019-09-03T18:07:50","slug":"victimas-de-nada-edesur-y-edenor","status":"publish","type":"post","link":"https:\/\/www.elsindical.com.ar\/notas\/victimas-de-nada-edesur-y-edenor\/","title":{"rendered":"V\u00edctimas de nada EDESUR y EDENOR"},"content":{"rendered":"\n<figure class=\"wp-block-image\"><img loading=\"lazy\" decoding=\"async\" width=\"531\" height=\"367\" src=\"http:\/\/www.elsindical.com.ar\/notas\/var\/www\/html\/notas\/wp-content\/uploads\/2018\/03\/Logo-nuevo-APSEE-oki.jpg\" alt=\"\" class=\"wp-image-76553\" srcset=\"https:\/\/www.elsindical.com.ar\/notas\/var\/www\/html\/notas\/wp-content\/uploads\/2018\/03\/Logo-nuevo-APSEE-oki.jpg 531w, https:\/\/www.elsindical.com.ar\/notas\/var\/www\/html\/notas\/wp-content\/uploads\/2018\/03\/Logo-nuevo-APSEE-oki-300x207.jpg 300w, https:\/\/www.elsindical.com.ar\/notas\/var\/www\/html\/notas\/wp-content\/uploads\/2018\/03\/Logo-nuevo-APSEE-oki-434x300.jpg 434w\" sizes=\"auto, (max-width: 531px) 100vw, 531px\" \/><\/figure>\n\n\n\n<p class=\"wp-block-paragraph\">\nEn los \u00faltimos d\u00edas, las empresas EDESUR y\nEDENOR, en varios medios de comunicaci\u00f3n&nbsp;\nadvierten con liviandad, que de no actualizarse el incremento por\ninflaci\u00f3n, habr\u00e1 menos capital para el mantenimiento y bajar\u00e1 la calidad del\nservicio. Seg\u00fan voceros de estas empresas, este aumento de tarifa repercutir\u00eda\nen un m\u00ednimo del 8% en relaci\u00f3n al actual cuadro tarifario.\n\n<\/p>\n\n\n\n<p class=\"wp-block-paragraph\">&nbsp;&nbsp;&nbsp; Argumentar que a ellos los costos les\naumentaron tambi\u00e9n por inflaci\u00f3n, nuevamente est\u00e1 faltando a la verdad porque:\nLas paritarias no se ajustaron, no les subi\u00f3 el costo de mantenimiento ni poda\nde \u00e1rboles porque bajaron las dotaciones de personal estable y surgieron las\nempresas contratistas de bajo costo y poco personal calificado. Y por \u00faltimo,\ncosa de no creer, se anularon las compras y se frenaron las obras programadas. <\/p>\n\n\n\n<p class=\"wp-block-paragraph\">&nbsp;&nbsp;&nbsp; Siguen presionando al decir que \u00absi no\naumentan los ingresos no va haber inversiones\u00bb, este costo lo paga el cliente\nobteniendo la peor calidad del servicio, esta realidad la venimos denunciando\nhace muchos a\u00f1os en los \u00e1mbitos correspondientes, no solo la falta de inversi\u00f3n\ny el p\u00e9simo servicio que entregan las distribuidoras, sino tambi\u00e9n como\nrepercute esta situaci\u00f3n en nuestro trabajadores y trabajadoras, que se\nencuentran expuestos a situaci\u00f3n de violencia laboral y al vaciamiento de estas\nempresas a trav\u00e9s de jubilaciones no reemplazadas, planes de retiros\nvoluntarios y forzados y adem\u00e1s exclusiones de Convenio Colectivo de Trabajo en\nforma compulsiva y digitada.<\/p>\n\n\n\n<p class=\"wp-block-paragraph\">&nbsp;&nbsp;&nbsp; Como trabajadores\/as, les decimos a estas\nempresas que la ciudadan\u00eda viene soportando \u00abtarifazos\u00bb indiscriminados, que el\ngolpe que se ha dado al pa\u00eds con la \u00faltima devaluaci\u00f3n, que se suma a la\np\u00e9rdida del poder adquisitivo que se ven\u00eda acumulando. Ante la emergencia\nalimentaria, sanitaria, econ\u00f3mica y laboral, nos ofende ver que empresas que\nbajo el paraguas de este Estado c\u00f3mplice, hicieron grandes negocios y son parte\nde la transferencia de riqueza, sin haber invertido. <\/p>\n\n\n\n<p class=\"wp-block-paragraph\">&nbsp;&nbsp;&nbsp; La historia tendr\u00e1 como&nbsp; protagonistas a estas empresas privatizadas y\nal estado en una sociedad creada para generar negocios, reiterando su total\ndesatenci\u00f3n a los usuarios, a sus trabajadores\/as y en brindar un servicio\np\u00fablico tan importante para la ciudadan\u00eda por ser un derecho humano, como es la\nenerg\u00eda el\u00e9ctrica.<\/p>\n\n\n\n<p class=\"wp-block-paragraph\"><strong>Carlos Minucci<\/strong><\/p>\n\n\n\n<p class=\"wp-block-paragraph\">Secretario\nGeneral APSEE<\/p>\n\n\n\n<p class=\"wp-block-paragraph\">Confederaci\u00f3n\nGeneral del Trabajo RA<\/p>\n\n\n\n<p class=\"wp-block-paragraph\">Corriente Federal de Trabajadores<\/p>\n","protected":false},"excerpt":{"rendered":"<p>En los \u00faltimos d\u00edas, las empresas EDESUR y EDENOR, en varios medios de comunicaci\u00f3n&nbsp; advierten con liviandad, que de no actualizarse el incremento por inflaci\u00f3n, habr\u00e1 menos capital para el mantenimiento y bajar\u00e1 la calidad del servicio. Seg\u00fan voceros de estas empresas, este aumento de tarifa repercutir\u00eda en un m\u00ednimo del 8% en relaci\u00f3n al&hellip;<\/p>\n","protected":false},"author":1,"featured_media":76553,"comment_status":"open","ping_status":"open","sticky":false,"template":"","format":"standard","meta":{"footnotes":""},"categories":[16],"tags":[23875,2123,2973,374],"class_list":["post-89567","post","type-post","status-publish","format-standard","has-post-thumbnail","hentry","category-gremiales","tag-apsee","tag-comunicado","tag-edenor","tag-edesur"],"_links":{"self":[{"href":"https:\/\/www.elsindical.com.ar\/notas\/wp-json\/wp\/v2\/posts\/89567","targetHints":{"allow":["GET"]}}],"collection":[{"href":"https:\/\/www.elsindical.com.ar\/notas\/wp-json\/wp\/v2\/posts"}],"about":[{"href":"https:\/\/www.elsindical.com.ar\/notas\/wp-json\/wp\/v2\/types\/post"}],"author":[{"embeddable":true,"href":"https:\/\/www.elsindical.com.ar\/notas\/wp-json\/wp\/v2\/users\/1"}],"replies":[{"embeddable":true,"href":"https:\/\/www.elsindical.com.ar\/notas\/wp-json\/wp\/v2\/comments?post=89567"}],"version-history":[{"count":1,"href":"https:\/\/www.elsindical.com.ar\/notas\/wp-json\/wp\/v2\/posts\/89567\/revisions"}],"predecessor-version":[{"id":89568,"href":"https:\/\/www.elsindical.com.ar\/notas\/wp-json\/wp\/v2\/posts\/89567\/revisions\/89568"}],"wp:featuredmedia":[{"embeddable":true,"href":"https:\/\/www.elsindical.com.ar\/notas\/wp-json\/wp\/v2\/media\/76553"}],"wp:attachment":[{"href":"https:\/\/www.elsindical.com.ar\/notas\/wp-json\/wp\/v2\/media?parent=89567"}],"wp:term":[{"taxonomy":"category","embeddable":true,"href":"https:\/\/www.elsindical.com.ar\/notas\/wp-json\/wp\/v2\/categories?post=89567"},{"taxonomy":"post_tag","embeddable":true,"href":"https:\/\/www.elsindical.com.ar\/notas\/wp-json\/wp\/v2\/tags?post=89567"}],"curies":[{"name":"wp","href":"https:\/\/api.w.org\/{rel}","templated":true}]}}