{"id":89424,"date":"2019-08-27T06:53:58","date_gmt":"2019-08-27T09:53:58","guid":{"rendered":"http:\/\/www.elsindical.com.ar\/notas\/?p=89424"},"modified":"2019-08-27T06:56:04","modified_gmt":"2019-08-27T09:56:04","slug":"en-2018-crecio-la-cantidad-de-chicos-que-sufren-hambre","status":"publish","type":"post","link":"https:\/\/www.elsindical.com.ar\/notas\/en-2018-crecio-la-cantidad-de-chicos-que-sufren-hambre\/","title":{"rendered":"En 2018 creci\u00f3 la cantidad de chicos que sufren hambre"},"content":{"rendered":"\n<figure class=\"wp-block-image\"><img loading=\"lazy\" decoding=\"async\" width=\"413\" height=\"345\" src=\"http:\/\/www.elsindical.com.ar\/notas\/var\/www\/html\/notas\/wp-content\/uploads\/2010\/09\/chicos-pobres.jpg\" alt=\"\" class=\"wp-image-9870\" srcset=\"https:\/\/www.elsindical.com.ar\/notas\/var\/www\/html\/notas\/wp-content\/uploads\/2010\/09\/chicos-pobres.jpg 413w, https:\/\/www.elsindical.com.ar\/notas\/var\/www\/html\/notas\/wp-content\/uploads\/2010\/09\/chicos-pobres-300x250.jpg 300w\" sizes=\"auto, (max-width: 413px) 100vw, 413px\" \/><\/figure>\n\n\n\n<p class=\"wp-block-paragraph\">Informe de la UCA: pas\u00f3 de 9,6%  en 2017 al 13% un incremento de 3,4 puntos a nivel nacional. En el  bonaerense la situaci\u00f3n es m\u00e1s grave, porque asciende a 5,8 puntos.\u00a0 <\/p>\n\n\n\n<p class=\"wp-block-paragraph\">En 2018 la cantidad de ni\u00f1os y adolescentes de 0 a 17 a\u00f1os que  experimentaron hambre en el pa\u00eds creci\u00f3 3,4 puntos porcentuales,  respecto del 2017. La situaci\u00f3n es m\u00e1s grave en el conurbano bonaerense,  donde el incremento fue de 5,8 puntos. \u00ab<em>Es la primera vez, desde el  2010, que no fue suficiente ni la ayuda alimentaria ni las  transferencias de ingresos para contener la situaci\u00f3n en el GBA\u00bb, <\/em>asegur\u00f3 la coordinadora del informe sobre \u00abAgua segura y alimentaci\u00f3n\u00bb de la UCA, <strong>Ianina Tu\u00f1on.<\/strong><\/p>\n\n\n\n<p class=\"wp-block-paragraph\">Las cifras sobre malnutrici\u00f3n y hambre en ni\u00f1os y adolescentes se  destacan en el documento revelado este lunes\u00a0por el Observatorio de la  Deuda Social de la UCA. La encuesta sobre 2019 se est\u00e1 terminando por  estos d\u00edas y las conclusiones se conocer\u00e1n en diciembre pr\u00f3ximo pero  Tu\u00f1on adelant\u00f3 que ya estiman que <em>\u00abla situaci\u00f3n ser\u00e1 m\u00e1s grave\u00bb.<\/em><\/p>\n\n\n\n<p class=\"wp-block-paragraph\">El \u00edndice eval\u00faa dos variables sobre el acceso a la comida: la  Inseguridad Alimentaria Total (IAT), que expresa haber reducido la dieta  de alimentos en los \u00faltimos 12 meses por problemas econ\u00f3micos, y la  Inseguridad Alimentaria Severa (IAS), que incluye a los que  experimentaron \u00abhambre\u00bb por falta de alimentos en el \u00faltimo a\u00f1o.<\/p>\n\n\n\n<p class=\"wp-block-paragraph\">La IAT subi\u00f3 del 21,7% en 2017 al 29,3% el a\u00f1o pasado a nivel \nnacional, mientras que en el conurbano trep\u00f3 de 26,7% a 35,8%. La IAS \npas\u00f3 de 9,6% a 13% en el total de la Argentina, en tanto que en \nprovincia escal\u00f3 de 11,6% a 17,4% en 12 meses. <em>\u00abEn el \u00faltimo per\u00edodo\n interanual hubo un incremento sostenido de la pobreza y de la \ninflaci\u00f3n, por lo cual es entendible que se haya incrementado la \ninseguridad alimentaria y que no hayan alcanzado las transferencia de \ningreso para evitar el aumento del IAS<\/em>\u00ab, explic\u00f3 Tu\u00f1on.<\/p>\n\n\n\n<p class=\"wp-block-paragraph\">Sobre la contenci\u00f3n, el informe asegura que los ni\u00f1os, ni\u00f1as y \nadolescentes del GBA que presentan inseguridad alimentaria severa en un \n44% no recibe ning\u00fan tipo de asistencia alimentaria, lo que deja al \ndescubierto que no son suficientes las pol\u00edticas de ayuda alimentaria \ndirecta en el conurbano bonaerense y que estas necesitan mayor escala y \nmejor calibraci\u00f3n para llegar a los NNyA m\u00e1s vulnerables.<\/p>\n\n\n\n<p class=\"wp-block-paragraph\">El 84,6% de estos NNyA son pobres en t\u00e9rminos monetarios y el 41,8%  reside en villas o asentamientos urbanos. La asistencia alimentaria  directa y gratuita es mayor en GBA que en el promedio del pa\u00eds, aunque  en el conurbano 4 de cada 10 j\u00f3venes con IAS no reciben ning\u00fan tipo de  asistencia alimentaria.<\/p>\n\n\n\n<p class=\"wp-block-paragraph\">El informe agrega que el d\u00e9ficit de acceso al agua de red alcanza al \n14% de los hogares de la Argentina urbana y al 18% de los ni\u00f1os, ni\u00f1as y\n adolescentes. Esos niveles casi se duplican cuando se trata de los \nhogares y los NNyA del conurbano bonaerense (27% y 32%, \nrespectivamente).<\/p>\n","protected":false},"excerpt":{"rendered":"<p>Informe de la UCA: pas\u00f3 de 9,6% en 2017 al 13% un incremento de 3,4 puntos a nivel nacional. En el bonaerense la situaci\u00f3n es m\u00e1s grave, porque asciende a 5,8 puntos.\u00a0 En 2018 la cantidad de ni\u00f1os y adolescentes de 0 a 17 a\u00f1os que experimentaron hambre en el pa\u00eds creci\u00f3 3,4 puntos porcentuales,&hellip;<\/p>\n","protected":false},"author":1,"featured_media":9870,"comment_status":"open","ping_status":"open","sticky":false,"template":"","format":"standard","meta":{"footnotes":""},"categories":[25],"tags":[30815,31468,801,9892],"class_list":["post-89424","post","type-post","status-publish","format-standard","has-post-thumbnail","hentry","category-sociedad","tag-ianina-tunon","tag-iat","tag-pobres","tag-uca"],"_links":{"self":[{"href":"https:\/\/www.elsindical.com.ar\/notas\/wp-json\/wp\/v2\/posts\/89424","targetHints":{"allow":["GET"]}}],"collection":[{"href":"https:\/\/www.elsindical.com.ar\/notas\/wp-json\/wp\/v2\/posts"}],"about":[{"href":"https:\/\/www.elsindical.com.ar\/notas\/wp-json\/wp\/v2\/types\/post"}],"author":[{"embeddable":true,"href":"https:\/\/www.elsindical.com.ar\/notas\/wp-json\/wp\/v2\/users\/1"}],"replies":[{"embeddable":true,"href":"https:\/\/www.elsindical.com.ar\/notas\/wp-json\/wp\/v2\/comments?post=89424"}],"version-history":[{"count":2,"href":"https:\/\/www.elsindical.com.ar\/notas\/wp-json\/wp\/v2\/posts\/89424\/revisions"}],"predecessor-version":[{"id":89426,"href":"https:\/\/www.elsindical.com.ar\/notas\/wp-json\/wp\/v2\/posts\/89424\/revisions\/89426"}],"wp:featuredmedia":[{"embeddable":true,"href":"https:\/\/www.elsindical.com.ar\/notas\/wp-json\/wp\/v2\/media\/9870"}],"wp:attachment":[{"href":"https:\/\/www.elsindical.com.ar\/notas\/wp-json\/wp\/v2\/media?parent=89424"}],"wp:term":[{"taxonomy":"category","embeddable":true,"href":"https:\/\/www.elsindical.com.ar\/notas\/wp-json\/wp\/v2\/categories?post=89424"},{"taxonomy":"post_tag","embeddable":true,"href":"https:\/\/www.elsindical.com.ar\/notas\/wp-json\/wp\/v2\/tags?post=89424"}],"curies":[{"name":"wp","href":"https:\/\/api.w.org\/{rel}","templated":true}]}}