{"id":89348,"date":"2019-08-23T21:12:29","date_gmt":"2019-08-24T00:12:29","guid":{"rendered":"http:\/\/www.elsindical.com.ar\/notas\/?p=89348"},"modified":"2019-08-23T21:12:29","modified_gmt":"2019-08-24T00:12:29","slug":"en-el-segundo-semestre-ventas-de-electrodomesticos-cayeron-un-14","status":"publish","type":"post","link":"https:\/\/www.elsindical.com.ar\/notas\/en-el-segundo-semestre-ventas-de-electrodomesticos-cayeron-un-14\/","title":{"rendered":"En el segundo semestre, ventas de electrodom\u00e9sticos cayeron un 14%"},"content":{"rendered":"\n<figure class=\"wp-block-image\"><img loading=\"lazy\" decoding=\"async\" width=\"1024\" height=\"685\" src=\"http:\/\/www.elsindical.com.ar\/notas\/var\/www\/html\/notas\/wp-content\/uploads\/2019\/03\/venta-de-electrodom\u00e9sticos-1024x685.jpg\" alt=\"\" class=\"wp-image-85450\" srcset=\"https:\/\/www.elsindical.com.ar\/notas\/var\/www\/html\/notas\/wp-content\/uploads\/2019\/03\/venta-de-electrodom\u00e9sticos-1024x685.jpg 1024w, https:\/\/www.elsindical.com.ar\/notas\/var\/www\/html\/notas\/wp-content\/uploads\/2019\/03\/venta-de-electrodom\u00e9sticos-300x201.jpg 300w, https:\/\/www.elsindical.com.ar\/notas\/var\/www\/html\/notas\/wp-content\/uploads\/2019\/03\/venta-de-electrodom\u00e9sticos-768x514.jpg 768w, https:\/\/www.elsindical.com.ar\/notas\/var\/www\/html\/notas\/wp-content\/uploads\/2019\/03\/venta-de-electrodom\u00e9sticos-448x300.jpg 448w, https:\/\/www.elsindical.com.ar\/notas\/var\/www\/html\/notas\/wp-content\/uploads\/2019\/03\/venta-de-electrodom\u00e9sticos.jpg 1170w\" sizes=\"auto, (max-width: 1024px) 100vw, 1024px\" \/><\/figure>\n\n\n\n<p> En la comparaci\u00f3n con  el primer trimestre, las ventas a precios corrientes, que incluyen el  impacto de la inflaci\u00f3n, mostraron una suba del 16,5%. <\/p>\n\n\n\n<p>Las <strong>ventas de electrodom\u00e9sticos<\/strong>\u00a0alcanzaron  los 26.183,8 millones de pesos en el segundo trimestre del a\u00f1o y  registraron una baja del 14% en forma interanual, inform\u00f3 el <strong>INDEC<\/strong>.<\/p>\n\n\n\n<p>En la <strong>comparaci\u00f3n con el primer trimestre<\/strong>, las ventas a precios corrientes, que incluyen el impacto de la inflaci\u00f3n, mostraron una suba del 16,5%.<\/p>\n\n\n\n<p>Las ventas en el primer trimestre los 22.484,6 millones de pesos, lo cual signific\u00f3 <strong>una ca\u00edda interanual del 0,2%<\/strong> respecto de igual per\u00edodo del 2018, y un virtual estancamiento de las ventas.<\/p>\n\n\n\n<p>Seg\u00fan inform\u00f3 el INDEC, ese nivel de facturaci\u00f3n represent\u00f3 una baja  del 12,6%, si se comparan las ventas con el \u00faltimo trimestre del a\u00f1o  pasado.<\/p>\n\n\n\n<p>En <strong>enero<\/strong>, las ventas cayeron 3,1%, y subieron en febrero 1,6% y mejoraron en marzo 1,5%, todos en forma interanual.<\/p>\n\n\n\n<p>Del <strong>total de ventas<\/strong> a precios corrientes, en el  primer trimestre 3.776,9 millones de pesos correspondieron a la Ciudad  Aut\u00f3noma de Buenos Aires\u00bb y muestran un aumento de 6% respecto del mismo  per\u00edodo del a\u00f1o anterior.<\/p>\n","protected":false},"excerpt":{"rendered":"<p>En la comparaci\u00f3n con el primer trimestre, las ventas a precios corrientes, que incluyen el impacto de la inflaci\u00f3n, mostraron una suba del 16,5%. Las ventas de electrodom\u00e9sticos\u00a0alcanzaron los 26.183,8 millones de pesos en el segundo trimestre del a\u00f1o y registraron una baja del 14% en forma interanual, inform\u00f3 el INDEC. En la comparaci\u00f3n con&hellip;<\/p>\n","protected":false},"author":1,"featured_media":85450,"comment_status":"open","ping_status":"open","sticky":false,"template":"","format":"standard","meta":{"footnotes":""},"categories":[9],"tags":[22023,4768,2200,8530],"class_list":["post-89348","post","type-post","status-publish","format-standard","has-post-thumbnail","hentry","category-economia","tag-economia","tag-electrodomesticos","tag-indec","tag-ventas"],"_links":{"self":[{"href":"https:\/\/www.elsindical.com.ar\/notas\/wp-json\/wp\/v2\/posts\/89348","targetHints":{"allow":["GET"]}}],"collection":[{"href":"https:\/\/www.elsindical.com.ar\/notas\/wp-json\/wp\/v2\/posts"}],"about":[{"href":"https:\/\/www.elsindical.com.ar\/notas\/wp-json\/wp\/v2\/types\/post"}],"author":[{"embeddable":true,"href":"https:\/\/www.elsindical.com.ar\/notas\/wp-json\/wp\/v2\/users\/1"}],"replies":[{"embeddable":true,"href":"https:\/\/www.elsindical.com.ar\/notas\/wp-json\/wp\/v2\/comments?post=89348"}],"version-history":[{"count":1,"href":"https:\/\/www.elsindical.com.ar\/notas\/wp-json\/wp\/v2\/posts\/89348\/revisions"}],"predecessor-version":[{"id":89349,"href":"https:\/\/www.elsindical.com.ar\/notas\/wp-json\/wp\/v2\/posts\/89348\/revisions\/89349"}],"wp:featuredmedia":[{"embeddable":true,"href":"https:\/\/www.elsindical.com.ar\/notas\/wp-json\/wp\/v2\/media\/85450"}],"wp:attachment":[{"href":"https:\/\/www.elsindical.com.ar\/notas\/wp-json\/wp\/v2\/media?parent=89348"}],"wp:term":[{"taxonomy":"category","embeddable":true,"href":"https:\/\/www.elsindical.com.ar\/notas\/wp-json\/wp\/v2\/categories?post=89348"},{"taxonomy":"post_tag","embeddable":true,"href":"https:\/\/www.elsindical.com.ar\/notas\/wp-json\/wp\/v2\/tags?post=89348"}],"curies":[{"name":"wp","href":"https:\/\/api.w.org\/{rel}","templated":true}]}}