{"id":89296,"date":"2019-08-21T14:04:41","date_gmt":"2019-08-21T17:04:41","guid":{"rendered":"http:\/\/www.elsindical.com.ar\/notas\/?p=89296"},"modified":"2019-08-21T14:04:41","modified_gmt":"2019-08-21T17:04:41","slug":"judiciales-reiteran-que-la-provincia-debe-reanudar-las-discusiones-paritarias","status":"publish","type":"post","link":"https:\/\/www.elsindical.com.ar\/notas\/judiciales-reiteran-que-la-provincia-debe-reanudar-las-discusiones-paritarias\/","title":{"rendered":"Judiciales reiteran que la Provincia debe reanudar las discusiones paritarias"},"content":{"rendered":"\n<figure class=\"wp-block-image\"><img loading=\"lazy\" decoding=\"async\" width=\"960\" height=\"720\" src=\"http:\/\/www.elsindical.com.ar\/notas\/var\/www\/html\/notas\/wp-content\/uploads\/2019\/08\/reclamo-judiciales-de-Quilmes.jpg\" alt=\"\" class=\"wp-image-89297\" srcset=\"https:\/\/www.elsindical.com.ar\/notas\/var\/www\/html\/notas\/wp-content\/uploads\/2019\/08\/reclamo-judiciales-de-Quilmes.jpg 960w, https:\/\/www.elsindical.com.ar\/notas\/var\/www\/html\/notas\/wp-content\/uploads\/2019\/08\/reclamo-judiciales-de-Quilmes-300x225.jpg 300w, https:\/\/www.elsindical.com.ar\/notas\/var\/www\/html\/notas\/wp-content\/uploads\/2019\/08\/reclamo-judiciales-de-Quilmes-768x576.jpg 768w, https:\/\/www.elsindical.com.ar\/notas\/var\/www\/html\/notas\/wp-content\/uploads\/2019\/08\/reclamo-judiciales-de-Quilmes-400x300.jpg 400w\" sizes=\"auto, (max-width: 960px) 100vw, 960px\" \/><\/figure>\n\n\n\n<p class=\"wp-block-paragraph\">La Asociaci\u00f3n Judicial Bonaerense \n(AJB) realiz\u00f3 una presentaci\u00f3n que exige al Gobierno provincial la \nreanudaci\u00f3n de las discusiones paritarias. Ante la falta de convocatoria\n adelantaron que continuar\u00e1n las medidas de fuerza.<\/p>\n\n\n\n<p class=\"wp-block-paragraph\"><strong>\u201cSi la Gobernadora dijo que  va a escuchar, entonces esperamos que nos escuche. Tiene que dejar de  estar en una situaci\u00f3n de ilegalidad y cumplir con el derecho  constitucional y provincial que prev\u00e9 la paritaria\u201d<\/strong>, asegur\u00f3 Gonzalo Ciannis, Secretario General de AJB Quilmes.<\/p>\n\n\n\n<p class=\"wp-block-paragraph\">Luego de ocho meses sin poder \nconcretar un acuerdo paritario, el gremio judicial reiter\u00f3 que el cierre\n de las discusiones fue \u201cunilateral\u201d y reclam\u00f3 que se convoque de manera\n inmediata a los trabajadores.&nbsp;<\/p>\n\n\n\n<p class=\"wp-block-paragraph\">En este sentido, Ciannis destac\u00f3 que \nel pedido consisti\u00f3 en \u201cponer en conocimiento lo que se resolvi\u00f3 en \nasambleas de AJB\u201d y en la realizaci\u00f3n de un Congreso que involucr\u00f3 a las\n 19 departamentales de la Provincia. <\/p>\n\n\n\n<p class=\"wp-block-paragraph\"><strong>\u201cA los judiciales no los \nescucha desde hace much\u00edsimo tiempo y luego de decir que iba a empezar a\n escuchar, se reinstal\u00f3 la indignaci\u00f3n de los trabajadores\u201d, manifest\u00f3 \nel Secretario.<\/strong><\/p>\n\n\n\n<p class=\"wp-block-paragraph\">El gremio exige una recomposici\u00f3n del\n 15,6% debido al salario perdido durante el 2018 por la inflaci\u00f3n y una \npropuesta con cl\u00e1usula gatillo mensual para el 2019. En la \u00faltima \nreuni\u00f3n que se realiz\u00f3 en mayo el Ejecutivo provincial repiti\u00f3 la oferta\n rechazada por el gremio a fin del a\u00f1o pasado que abarcaba un 7,5% en \nmarzo, otro 7,5% en abril y otro en mayo.&nbsp;<\/p>\n\n\n\n<p class=\"wp-block-paragraph\">Con respecto a una posible convocatoria de cara a octubre, Ciannis explic\u00f3 que si bien esperan una reuni\u00f3n, estiman que <strong>\u201cno va a concretarse porque es un discurso de campa\u00f1a que no piensan cumplir\u201d.<\/strong>&nbsp;<\/p>\n\n\n\n<p class=\"wp-block-paragraph\">\u201cConsideramos absurdo que no nos \nconvoque y desconozca el derecho que refiere a la obligaci\u00f3n de la \npatronal y del Estado a reunirse para discutir paritarias. No puede \nignorarlo m\u00e1s\u201d, apunt\u00f3.<\/p>\n\n\n\n<p class=\"wp-block-paragraph\">Adem\u00e1s sostuvo que a pesar de \nmantener comunicaciones telef\u00f3nicas, \u201ca\u00fan no los han llamado los \nministros o la Gobernadora\u201d. \u201cEn este contexto y luego de haber dicho \nque nos escuchar\u00e1, entendemos que nos tienen que convocar. Hay fallos \njudiciales que se lo han expresado en reiteradas ocasiones y si no se \nconcreta se incrementar\u00e1 la tensi\u00f3n\u201d, argument\u00f3 Ciannis.<\/p>\n","protected":false},"excerpt":{"rendered":"<p>La Asociaci\u00f3n Judicial Bonaerense (AJB) realiz\u00f3 una presentaci\u00f3n que exige al Gobierno provincial la reanudaci\u00f3n de las discusiones paritarias. Ante la falta de convocatoria adelantaron que continuar\u00e1n las medidas de fuerza. \u201cSi la Gobernadora dijo que va a escuchar, entonces esperamos que nos escuche. Tiene que dejar de estar en una situaci\u00f3n de ilegalidad y&hellip;<\/p>\n","protected":false},"author":1,"featured_media":89297,"comment_status":"open","ping_status":"open","sticky":false,"template":"","format":"standard","meta":{"footnotes":""},"categories":[16],"tags":[4626,4940,31441,2107],"class_list":["post-89296","post","type-post","status-publish","format-standard","has-post-thumbnail","hentry","category-gremiales","tag-ajb","tag-gobierno-provincial","tag-gonzalo-ciannis","tag-paritarias"],"_links":{"self":[{"href":"https:\/\/www.elsindical.com.ar\/notas\/wp-json\/wp\/v2\/posts\/89296","targetHints":{"allow":["GET"]}}],"collection":[{"href":"https:\/\/www.elsindical.com.ar\/notas\/wp-json\/wp\/v2\/posts"}],"about":[{"href":"https:\/\/www.elsindical.com.ar\/notas\/wp-json\/wp\/v2\/types\/post"}],"author":[{"embeddable":true,"href":"https:\/\/www.elsindical.com.ar\/notas\/wp-json\/wp\/v2\/users\/1"}],"replies":[{"embeddable":true,"href":"https:\/\/www.elsindical.com.ar\/notas\/wp-json\/wp\/v2\/comments?post=89296"}],"version-history":[{"count":1,"href":"https:\/\/www.elsindical.com.ar\/notas\/wp-json\/wp\/v2\/posts\/89296\/revisions"}],"predecessor-version":[{"id":89298,"href":"https:\/\/www.elsindical.com.ar\/notas\/wp-json\/wp\/v2\/posts\/89296\/revisions\/89298"}],"wp:featuredmedia":[{"embeddable":true,"href":"https:\/\/www.elsindical.com.ar\/notas\/wp-json\/wp\/v2\/media\/89297"}],"wp:attachment":[{"href":"https:\/\/www.elsindical.com.ar\/notas\/wp-json\/wp\/v2\/media?parent=89296"}],"wp:term":[{"taxonomy":"category","embeddable":true,"href":"https:\/\/www.elsindical.com.ar\/notas\/wp-json\/wp\/v2\/categories?post=89296"},{"taxonomy":"post_tag","embeddable":true,"href":"https:\/\/www.elsindical.com.ar\/notas\/wp-json\/wp\/v2\/tags?post=89296"}],"curies":[{"name":"wp","href":"https:\/\/api.w.org\/{rel}","templated":true}]}}