{"id":89271,"date":"2019-08-20T13:51:53","date_gmt":"2019-08-20T16:51:53","guid":{"rendered":"http:\/\/www.elsindical.com.ar\/notas\/?p=89271"},"modified":"2019-08-21T10:26:18","modified_gmt":"2019-08-21T13:26:18","slug":"asunto-corte-del-puente-pueyrredon-convocado-por-trabajadores-de-ran-baten-lucha-este-miercoles-a-las-0630-am","status":"publish","type":"post","link":"https:\/\/www.elsindical.com.ar\/notas\/asunto-corte-del-puente-pueyrredon-convocado-por-trabajadores-de-ran-baten-lucha-este-miercoles-a-las-0630-am\/","title":{"rendered":"CORTE del PUENTE PUEYRRED\u00d3N convocado por trabajadores de Ran-Bat,en lucha este mi\u00e9rcoles a las 06:30 AM"},"content":{"rendered":"\n<figure class=\"wp-block-image\"><img loading=\"lazy\" decoding=\"async\" width=\"1024\" height=\"768\" src=\"http:\/\/www.elsindical.com.ar\/notas\/var\/www\/html\/notas\/wp-content\/uploads\/2019\/08\/trabajadores-Ran-Bat-1024x768.jpg\" alt=\"\" class=\"wp-image-89272\" srcset=\"https:\/\/www.elsindical.com.ar\/notas\/var\/www\/html\/notas\/wp-content\/uploads\/2019\/08\/trabajadores-Ran-Bat-1024x768.jpg 1024w, https:\/\/www.elsindical.com.ar\/notas\/var\/www\/html\/notas\/wp-content\/uploads\/2019\/08\/trabajadores-Ran-Bat-300x225.jpg 300w, https:\/\/www.elsindical.com.ar\/notas\/var\/www\/html\/notas\/wp-content\/uploads\/2019\/08\/trabajadores-Ran-Bat-768x576.jpg 768w, https:\/\/www.elsindical.com.ar\/notas\/var\/www\/html\/notas\/wp-content\/uploads\/2019\/08\/trabajadores-Ran-Bat-400x300.jpg 400w, https:\/\/www.elsindical.com.ar\/notas\/var\/www\/html\/notas\/wp-content\/uploads\/2019\/08\/trabajadores-Ran-Bat.jpg 1032w\" sizes=\"auto, (max-width: 1024px) 100vw, 1024px\" \/><\/figure>\n\n\n\n<p class=\"wp-block-paragraph\"> MI\u00c9RCOLES 21 \/08 &#8211; 06:30 AM <strong>Corte del Puente Pueyrred\u00f3n convocado por trabajadores de Ran-Bat en lucha<\/strong><br><\/p>\n\n\n\n<p class=\"wp-block-paragraph\"><strong>Lo  realizar\u00e1n junto a los choferes de la l\u00ednea 165, trabajadores de Coca  Cola, Canale, Cresta Roja, Siam y Latam. Llaman a la solidaridad de  todas las organizaciones. La cita es este mi\u00e9rcoles a las 06:30 AM en Av.  Mitre al 100, Avellaneda.<\/strong><\/p>\n\n\n\n<p class=\"wp-block-paragraph\">Los\n trabajadores de Ran Bat del Parque Industrial de Burzaco nos \nencontramos el d\u00eda 5 de agosto con la f\u00e1brica cerrada sin previo aviso. \nSomos 35 familias en la calle en un momento de crisis econ\u00f3mica en la \nque est\u00e1n cerrando otras f\u00e1bricas, hay despidos, suspensiones, sufrimos \ntarifazos y golpes al salario y las jubilaciones.<\/p>\n\n\n\n<p class=\"wp-block-paragraph\">Como  si fuera poco, adem\u00e1s de habernos quedado en la calle 9 de los 35  trabajadores nos encontramos sufriendo contaminaci\u00f3n de plomo en sangre  producto de las insalubres condiciones de trabajo. <\/p>\n\n\n\n<p class=\"wp-block-paragraph\">En estos momentos un  compa\u00f1ero nuestro se encuentra internado a causa de esto por lo tanto  exigimos no solo la urgente reapertura de la f\u00e1brica sino tambi\u00e9n  mejores condiciones de trabajo y la aplicaci\u00f3n de cuidados de seguridad e  higiene para no seguir dejando nuestra salud en nuestro trabajo, por  estos motivos venimos manteniendo reuniones con el Ministerio de Trabajo  y tambi\u00e9n con el intentendente Mariano Cascallares pero seguiremos  realizando acciones hasta lograr soluciones.<\/p>\n\n\n\n<p class=\"wp-block-paragraph\">No  queremos el hambre de nuestros hijos y nuestras familias, queremos  recuperar nuestro trabajo y para visibilizar este reclamo el pr\u00f3ximo  mi\u00e9rcoles 21\/8 estamos convocando a todas las organizaciones sociales,  pol\u00edticas, sindicatos, centros de estudiantes y a todos los trabajadores  y j\u00f3venes a realizar un corte en el Puente Pueyrred\u00f3n.  <\/p>\n\n\n\n<p class=\"wp-block-paragraph\">Este  corte lo realizaremos junto a los choferes de la l\u00ednea 165 que vienen  reclamando por sus puestos de trabajo, junto a los despedidos de Coca  Cola que cuentan con fallos a favor de su reincorporaci\u00f3n y exigen que  la empresa los cumpla, trabajadores en lucha de Canale, Cresta Roja,  Siam y Latam convocamos a todas las organizaciones a sumarse y sumar su  solidaridad para que todas estas luchas triunfen!&nbsp; Para luchar todos  juntos convocamos a todos los que quieran solidarizarse y apoyar est\u00e1  lucha el pr\u00f3ximo Mi\u00e9rcoles a las 6:30 AM en Avenida Mitre al 200 (junto a  la fuente de agua) en Avellaneda). <\/p>\n","protected":false},"excerpt":{"rendered":"<p>MI\u00c9RCOLES 21 \/08 &#8211; 06:30 AM Corte del Puente Pueyrred\u00f3n convocado por trabajadores de Ran-Bat en lucha Lo realizar\u00e1n junto a los choferes de la l\u00ednea 165, trabajadores de Coca Cola, Canale, Cresta Roja, Siam y Latam. Llaman a la solidaridad de todas las organizaciones. La cita es este mi\u00e9rcoles a las 06:30 AM en&hellip;<\/p>\n","protected":false},"author":1,"featured_media":89272,"comment_status":"open","ping_status":"open","sticky":false,"template":"","format":"standard","meta":{"footnotes":""},"categories":[1],"tags":[461,601,31435,125],"class_list":["post-89271","post","type-post","status-publish","format-standard","has-post-thumbnail","hentry","category-destacadas","tag-avellaneda","tag-puente-pueyrredon","tag-ran-bat","tag-trabajadores"],"_links":{"self":[{"href":"https:\/\/www.elsindical.com.ar\/notas\/wp-json\/wp\/v2\/posts\/89271","targetHints":{"allow":["GET"]}}],"collection":[{"href":"https:\/\/www.elsindical.com.ar\/notas\/wp-json\/wp\/v2\/posts"}],"about":[{"href":"https:\/\/www.elsindical.com.ar\/notas\/wp-json\/wp\/v2\/types\/post"}],"author":[{"embeddable":true,"href":"https:\/\/www.elsindical.com.ar\/notas\/wp-json\/wp\/v2\/users\/1"}],"replies":[{"embeddable":true,"href":"https:\/\/www.elsindical.com.ar\/notas\/wp-json\/wp\/v2\/comments?post=89271"}],"version-history":[{"count":2,"href":"https:\/\/www.elsindical.com.ar\/notas\/wp-json\/wp\/v2\/posts\/89271\/revisions"}],"predecessor-version":[{"id":89278,"href":"https:\/\/www.elsindical.com.ar\/notas\/wp-json\/wp\/v2\/posts\/89271\/revisions\/89278"}],"wp:featuredmedia":[{"embeddable":true,"href":"https:\/\/www.elsindical.com.ar\/notas\/wp-json\/wp\/v2\/media\/89272"}],"wp:attachment":[{"href":"https:\/\/www.elsindical.com.ar\/notas\/wp-json\/wp\/v2\/media?parent=89271"}],"wp:term":[{"taxonomy":"category","embeddable":true,"href":"https:\/\/www.elsindical.com.ar\/notas\/wp-json\/wp\/v2\/categories?post=89271"},{"taxonomy":"post_tag","embeddable":true,"href":"https:\/\/www.elsindical.com.ar\/notas\/wp-json\/wp\/v2\/tags?post=89271"}],"curies":[{"name":"wp","href":"https:\/\/api.w.org\/{rel}","templated":true}]}}