{"id":89247,"date":"2019-08-19T15:44:49","date_gmt":"2019-08-19T18:44:49","guid":{"rendered":"http:\/\/www.elsindical.com.ar\/notas\/?p=89247"},"modified":"2019-08-19T15:45:09","modified_gmt":"2019-08-19T18:45:09","slug":"fuerte-caida-de-bonos-y-acciones-de-hasta-12-de-empresas-argentinas-en-wall-street","status":"publish","type":"post","link":"https:\/\/www.elsindical.com.ar\/notas\/fuerte-caida-de-bonos-y-acciones-de-hasta-12-de-empresas-argentinas-en-wall-street\/","title":{"rendered":"Fuerte ca\u00edda de bonos y acciones de hasta 12% de empresas argentinas en Wall Street"},"content":{"rendered":"\n<figure class=\"wp-block-image\"><img loading=\"lazy\" decoding=\"async\" width=\"960\" height=\"540\" src=\"http:\/\/www.elsindical.com.ar\/notas\/var\/www\/html\/notas\/wp-content\/uploads\/2019\/08\/bolsas-de-Nueva-York.jpg\" alt=\"\" class=\"wp-image-89248\" srcset=\"https:\/\/www.elsindical.com.ar\/notas\/var\/www\/html\/notas\/wp-content\/uploads\/2019\/08\/bolsas-de-Nueva-York.jpg 960w, https:\/\/www.elsindical.com.ar\/notas\/var\/www\/html\/notas\/wp-content\/uploads\/2019\/08\/bolsas-de-Nueva-York-300x169.jpg 300w, https:\/\/www.elsindical.com.ar\/notas\/var\/www\/html\/notas\/wp-content\/uploads\/2019\/08\/bolsas-de-Nueva-York-768x432.jpg 768w, https:\/\/www.elsindical.com.ar\/notas\/var\/www\/html\/notas\/wp-content\/uploads\/2019\/08\/bolsas-de-Nueva-York-500x281.jpg 500w, https:\/\/www.elsindical.com.ar\/notas\/var\/www\/html\/notas\/wp-content\/uploads\/2019\/08\/bolsas-de-Nueva-York-460x260.jpg 460w\" sizes=\"auto, (max-width: 960px) 100vw, 960px\" \/><\/figure>\n\n\n\n<p> Los t\u00edtulos privados  argentinos retroceden en promedio un 7% en d\u00f3lares, en una rueda con  fuertes ganancias en los \u00edndices de Nueva York. <\/p>\n\n\n\n<p>Las <strong>compa\u00f1\u00edas argentinas cotizantes<\/strong> en las bolsas de Nueva York operan con predominio de bajas, del 7% en promedio en sus precios en d\u00f3lares.<\/p>\n\n\n\n<p>Grupo Financiero Galicia, banco privado m\u00e1s grande de Argentina,  se desplomaba 12,6%, a USD 15,51, el precio m\u00e1s bajo desde enero de  2015.<\/p>\n\n\n\n<p>La petrolera YPF pierde 6,8%; y Telecom un 5,3%. Otras bajas registran IRSA ADR (-4%) y su paralela de IRSA Propiedades (-3%).<\/p>\n\n\n\n<p><strong>Portfolio Personal Inversiones explic\u00f3:<\/strong>\u00a0\u00abLas  noticias siguen centradas en las se\u00f1ales pol\u00edticas. Entre ellas, la  agenda del nuevo ministro de Hacienda, luego de que Dujovne renunciara  el s\u00e1bado, y sea reemplazado por Hern\u00e1n Lacunza\u00bb.<\/p>\n\n\n\n<p>\u00abLo <strong>m\u00e1s relevante de corto se mantendr\u00e1 sobre la relaci\u00f3n con el FMI<\/strong>,\n que si bien se dice no est\u00e1 confirmada, deber\u00eda llegar en los pr\u00f3ximos \nd\u00edas para una nueva auditor\u00eda del acuerdo, que liberar\u00eda los USD 5.400 \nmillones de un nuevo tramo a mediados de septiembre\u00bb, manifestaron.<\/p>\n","protected":false},"excerpt":{"rendered":"<p>Los t\u00edtulos privados argentinos retroceden en promedio un 7% en d\u00f3lares, en una rueda con fuertes ganancias en los \u00edndices de Nueva York. Las compa\u00f1\u00edas argentinas cotizantes en las bolsas de Nueva York operan con predominio de bajas, del 7% en promedio en sus precios en d\u00f3lares. Grupo Financiero Galicia, banco privado m\u00e1s grande de&hellip;<\/p>\n","protected":false},"author":1,"featured_media":89248,"comment_status":"open","ping_status":"open","sticky":false,"template":"","format":"standard","meta":{"footnotes":""},"categories":[9],"tags":[8502,127,24662,22023,2105,6925,11806],"class_list":["post-89247","post","type-post","status-publish","format-standard","has-post-thumbnail","hentry","category-economia","tag-acciones","tag-argentina","tag-bonos","tag-economia","tag-empresas","tag-fmi","tag-wall-street"],"_links":{"self":[{"href":"https:\/\/www.elsindical.com.ar\/notas\/wp-json\/wp\/v2\/posts\/89247","targetHints":{"allow":["GET"]}}],"collection":[{"href":"https:\/\/www.elsindical.com.ar\/notas\/wp-json\/wp\/v2\/posts"}],"about":[{"href":"https:\/\/www.elsindical.com.ar\/notas\/wp-json\/wp\/v2\/types\/post"}],"author":[{"embeddable":true,"href":"https:\/\/www.elsindical.com.ar\/notas\/wp-json\/wp\/v2\/users\/1"}],"replies":[{"embeddable":true,"href":"https:\/\/www.elsindical.com.ar\/notas\/wp-json\/wp\/v2\/comments?post=89247"}],"version-history":[{"count":1,"href":"https:\/\/www.elsindical.com.ar\/notas\/wp-json\/wp\/v2\/posts\/89247\/revisions"}],"predecessor-version":[{"id":89249,"href":"https:\/\/www.elsindical.com.ar\/notas\/wp-json\/wp\/v2\/posts\/89247\/revisions\/89249"}],"wp:featuredmedia":[{"embeddable":true,"href":"https:\/\/www.elsindical.com.ar\/notas\/wp-json\/wp\/v2\/media\/89248"}],"wp:attachment":[{"href":"https:\/\/www.elsindical.com.ar\/notas\/wp-json\/wp\/v2\/media?parent=89247"}],"wp:term":[{"taxonomy":"category","embeddable":true,"href":"https:\/\/www.elsindical.com.ar\/notas\/wp-json\/wp\/v2\/categories?post=89247"},{"taxonomy":"post_tag","embeddable":true,"href":"https:\/\/www.elsindical.com.ar\/notas\/wp-json\/wp\/v2\/tags?post=89247"}],"curies":[{"name":"wp","href":"https:\/\/api.w.org\/{rel}","templated":true}]}}