{"id":89205,"date":"2019-08-17T10:20:06","date_gmt":"2019-08-17T13:20:06","guid":{"rendered":"http:\/\/www.elsindical.com.ar\/notas\/?p=89205"},"modified":"2019-08-17T10:20:29","modified_gmt":"2019-08-17T13:20:29","slug":"orlando-machado-secla-lo-que-pasa-hoy-en-el-pais-es-una-locura-generada-por-los-politicos","status":"publish","type":"post","link":"https:\/\/www.elsindical.com.ar\/notas\/orlando-machado-secla-lo-que-pasa-hoy-en-el-pais-es-una-locura-generada-por-los-politicos\/","title":{"rendered":"Orlando Machado (SECLA) : \u00abLo que pasa hoy en el pa\u00eds es una locura generada por los pol\u00edticos\u00bb"},"content":{"rendered":"\n<figure class=\"wp-block-image\"><img loading=\"lazy\" decoding=\"async\" width=\"765\" height=\"555\" src=\"http:\/\/www.elsindical.com.ar\/notas\/var\/www\/html\/notas\/wp-content\/uploads\/2019\/08\/WhatsApp-Image-2019-08-15-at-21.32.06-e1565985535144.jpeg\" alt=\"\" class=\"wp-image-89206\" srcset=\"https:\/\/www.elsindical.com.ar\/notas\/var\/www\/html\/notas\/wp-content\/uploads\/2019\/08\/WhatsApp-Image-2019-08-15-at-21.32.06-e1565985535144.jpeg 765w, https:\/\/www.elsindical.com.ar\/notas\/var\/www\/html\/notas\/wp-content\/uploads\/2019\/08\/WhatsApp-Image-2019-08-15-at-21.32.06-e1565985535144-300x218.jpeg 300w, https:\/\/www.elsindical.com.ar\/notas\/var\/www\/html\/notas\/wp-content\/uploads\/2019\/08\/WhatsApp-Image-2019-08-15-at-21.32.06-e1565985535144-414x300.jpeg 414w\" sizes=\"auto, (max-width: 765px) 100vw, 765px\" \/><\/figure>\n\n\n\n<h4 class=\"wp-block-heading\"><em><strong>Se\n define apasionado del deporte y de su trabajo, conf\u00eda en su equipo y \ndice no tener un candidato en estas elecciones. Pedro Orlando Machado, \nSecretario General del SECLA, tuvo una extensa charla con \u00abIntensos\u00bb \n(Jueves a las 18 en FM SECLA 106.1) donde no tuvo miedo a contestar lo \nque piensa realmente.<\/strong><\/em><\/h4>\n\n\n\n<ul class=\"wp-block-list\"><li><strong>Sus comienzos en el sindicalismo:<\/strong><\/li><\/ul>\n\n\n\n<p>\u00abEmpec\u00e9\n a militar en el sindicalismo por el deporte. Fui convocado por un \ncompa\u00f1ero, quien en su momento ten\u00eda una agrupaci\u00f3n pol\u00edtica, a jugar un\n partido y ah\u00ed naci\u00f3 mi inter\u00e9s sindical. Amo el deporte como amo \ngestionar este sindicato junto a un gran equipo de compa\u00f1eros. A \nnosotros se nos hace f\u00e1cil porque la gesti\u00f3n es transparente y con mucho\n contacto con el afiliado\u00bb.<\/p>\n\n\n\n<ul class=\"wp-block-list\"><li><strong>La falta de los medios de comunicaci\u00f3n sindicales:<\/strong><\/li><\/ul>\n\n\n\n<p>\u00abAl\n sindicalismo argentino le faltan medios propios. Est\u00e1 el programa de \ngastron\u00f3micos o camioneros, por ejemplo, pero todav\u00eda falta much\u00edsimo. \nDado el poder\u00edo econ\u00f3mico e institucional que tiene, deber\u00edamos tener \nalg\u00fan canal de televisi\u00f3n o radio de alcance nacional. Lamentablemente, \nmuchas veces por cuestiones de personalismo no se ponen de acuerdo los \nsindicalistas, pero imaginen si 5 o 6 sindicatos importantes nos \npusi\u00e9ramos de acuerdo\u00bb.<\/p>\n\n\n\n<ul class=\"wp-block-list\"><li><strong>Su posici\u00f3n pol\u00edtica actual:<\/strong><\/li><\/ul>\n\n\n\n<p>\u00abEstoy\n muy defraudado por la pol\u00edtica. Los problemas de la gente est\u00e1n en \nsegundo orden para los pol\u00edticos. Lo que pasa hoy en el pa\u00eds es una \nlocura y toda es generada por los pol\u00edticos. Me he quedado sin candidato\n pr\u00e1cticamente porque yo adher\u00eda a Sergio Massa, lo acompa\u00f1\u00e9 5 a\u00f1os \npr\u00e1cticamente, pero ahora nos distanciamos. Hubiera preferido que se \nhubiera mantenido en la l\u00ednea de Alternativa Federal\u00bb.<\/p>\n\n\n\n<ul class=\"wp-block-list\"><li><strong>Qu\u00e9 piensa de Mauricio Macri:<\/strong><\/li><\/ul>\n\n\n\n<p>&nbsp;\u00abNo\n es m\u00eda la frase, pero de Macri dec\u00edan \u00abchico, rico y caprichoso\u00bb. \nImaginemos que \u00e9l es lo mejor que la plata puede pagar. Coaching, \nasesores y todo eso. Es lamentable que no tengamos esa tercera \nalternativa y la culpa se la echo a Macri porque \u00e9l eligi\u00f3 confrontar \ncon Cristina y ella, en una jugada magistral, lo dej\u00f3 sin oponente\u00bb.<br><\/p>\n\n\n\n<ul class=\"wp-block-list\"><li><strong>La verdad de la obra social sindical:<\/strong><\/li><\/ul>\n\n\n\n<p>\u00abTenemos\n much\u00edsimos problemas con la obra social. Yo ocupo una secretar\u00eda en la \nfederaci\u00f3n nacional y desde hace varios a\u00f1os que estoy tratando de \nanticipar esto. Todo empieza en los pa\u00edses centrales, pero a los 3 o 4 \na\u00f1os llega a Argentina y yo lo veo desde all\u00ed. El problema es el \nencarecimiento de las prestaciones de salud. A partir de los 42 a\u00f1os, el\n ser humano empieza a necesitar medicaci\u00f3n, pero \u00bfc\u00f3mo paga esos \nmedicamentos\u00bb.<\/p>\n\n\n\n<p>\u00abEn\n OSECAC estamos literalmente quebrados porque el Estado Nacional nos \nobliga a atender a los monotributistas. No es una cruzada contra ellos, \npero pagan $600 a nuestra obra social \u00bfQu\u00e9 salud pod\u00e9s ofrecer por ese \ndinero?\u00bb.<\/p>\n\n\n\n<ul class=\"wp-block-list\"><li><strong>La realidad Argentina:<\/strong><\/li><\/ul>\n\n\n\n<p>\u00abDetr\u00e1s\n de cada persiana cerrada est\u00e1 el propietario y los trabajadores. En ese\n sentido nosotros somos de acompa\u00f1ar mucho a esas peque\u00f1as empresas. Yo \ntengo una visi\u00f3n particular, porque creo que hay que hacer una reforma \nlaboral acotada y atendiendo problemas muy puntuales. Lo que falta es el\n consenso de los distintos actores de la Argentina\u00bb.<\/p>\n\n\n\n<p><em><strong>Prensa SECLA<\/strong><\/em><\/p>\n","protected":false},"excerpt":{"rendered":"<p>Se define apasionado del deporte y de su trabajo, conf\u00eda en su equipo y dice no tener un candidato en estas elecciones. Pedro Orlando Machado, Secretario General del SECLA, tuvo una extensa charla con \u00abIntensos\u00bb (Jueves a las 18 en FM SECLA 106.1) donde no tuvo miedo a contestar lo que piensa realmente. Sus comienzos&hellip;<\/p>\n","protected":false},"author":1,"featured_media":89206,"comment_status":"open","ping_status":"open","sticky":false,"template":"","format":"standard","meta":{"footnotes":""},"categories":[13],"tags":[390,18420,1299,13091],"class_list":["post-89205","post","type-post","status-publish","format-standard","has-post-thumbnail","hentry","category-politica","tag-crisis","tag-orlando-machado","tag-pais","tag-secla"],"_links":{"self":[{"href":"https:\/\/www.elsindical.com.ar\/notas\/wp-json\/wp\/v2\/posts\/89205","targetHints":{"allow":["GET"]}}],"collection":[{"href":"https:\/\/www.elsindical.com.ar\/notas\/wp-json\/wp\/v2\/posts"}],"about":[{"href":"https:\/\/www.elsindical.com.ar\/notas\/wp-json\/wp\/v2\/types\/post"}],"author":[{"embeddable":true,"href":"https:\/\/www.elsindical.com.ar\/notas\/wp-json\/wp\/v2\/users\/1"}],"replies":[{"embeddable":true,"href":"https:\/\/www.elsindical.com.ar\/notas\/wp-json\/wp\/v2\/comments?post=89205"}],"version-history":[{"count":1,"href":"https:\/\/www.elsindical.com.ar\/notas\/wp-json\/wp\/v2\/posts\/89205\/revisions"}],"predecessor-version":[{"id":89207,"href":"https:\/\/www.elsindical.com.ar\/notas\/wp-json\/wp\/v2\/posts\/89205\/revisions\/89207"}],"wp:featuredmedia":[{"embeddable":true,"href":"https:\/\/www.elsindical.com.ar\/notas\/wp-json\/wp\/v2\/media\/89206"}],"wp:attachment":[{"href":"https:\/\/www.elsindical.com.ar\/notas\/wp-json\/wp\/v2\/media?parent=89205"}],"wp:term":[{"taxonomy":"category","embeddable":true,"href":"https:\/\/www.elsindical.com.ar\/notas\/wp-json\/wp\/v2\/categories?post=89205"},{"taxonomy":"post_tag","embeddable":true,"href":"https:\/\/www.elsindical.com.ar\/notas\/wp-json\/wp\/v2\/tags?post=89205"}],"curies":[{"name":"wp","href":"https:\/\/api.w.org\/{rel}","templated":true}]}}