{"id":8912,"date":"2010-08-25T11:59:41","date_gmt":"2010-08-25T14:59:41","guid":{"rendered":"http:\/\/www.elsindical.com.ar\/notas\/?p=8912"},"modified":"2010-08-25T11:59:41","modified_gmt":"2010-08-25T14:59:41","slug":"palermoasaltaron-a-la-esposa-del-ministro-carlos-tomada-en-su-casa","status":"publish","type":"post","link":"https:\/\/www.elsindical.com.ar\/notas\/palermoasaltaron-a-la-esposa-del-ministro-carlos-tomada-en-su-casa\/","title":{"rendered":"Palermo:Asaltaron a la esposa del ministro Carlos Tomada en su casa"},"content":{"rendered":"<p style=\"text-align: justify;\"><em><a href=\"http:\/\/www.elsindical.com.ar\/notas\/var\/www\/html\/notas\/wp-content\/uploads\/2010\/08\/Carlos-Tomada-declaraciones.jpg\"><img loading=\"lazy\" decoding=\"async\" class=\"alignleft size-medium wp-image-8913\" title=\"Carlos-Tomada-declaraciones\" src=\"http:\/\/www.elsindical.com.ar\/notas\/var\/www\/html\/notas\/wp-content\/uploads\/2010\/08\/Carlos-Tomada-declaraciones-300x205.jpg\" alt=\"\" width=\"300\" height=\"205\" srcset=\"https:\/\/www.elsindical.com.ar\/notas\/var\/www\/html\/notas\/wp-content\/uploads\/2010\/08\/Carlos-Tomada-declaraciones-300x205.jpg 300w, https:\/\/www.elsindical.com.ar\/notas\/var\/www\/html\/notas\/wp-content\/uploads\/2010\/08\/Carlos-Tomada-declaraciones.jpg 443w\" sizes=\"auto, (max-width: 300px) 100vw, 300px\" \/><\/a>Fue anoche cuando la mujer del ministro de Trabajo ingresaba a la vivienda, en la misma zona donde hace d\u00edas hubo una toma de reh\u00e9nes y un polic\u00eda mato a un delincuente.<\/em><\/p>\n<p style=\"text-align: justify;\">La esposa del ministro de Trabajo, <strong>Carlos Tomada<\/strong>, fue sorprendida ayer por dos ladrones en la puerta de\u00a0su casa en el barrio porte\u00f1o de Palermo, que <strong>se llevaron tres mil pesos y joyas.<\/strong><\/p>\n<p>Seg\u00fan fuentes policiales, el hecho se produjo alrededor de las diez de la noche cuando la mujer\u00a0estaba en la puerta de su casa, en El Salvaldor 4079. Los dos hombres ingresaron a la casa y tras tomar dinero y alhajas, huyeron.<\/p>\n<p style=\"text-align: justify;\">Interviene la comisar\u00eda 21a que ya fuera objeto de reclamos de varios vecinos\u00a0y comerciantes ante la ola de robos violentos que ocurren en el barrio.<\/p>\n<p style=\"text-align: justify;\">Tomada explic\u00f3 que su esposa\u00a0desped\u00eda a su hermana en la puerta de la vivienda, cuando los ladrones aprovecharon la ocasi\u00f3n y obligaron a la mujer a ingresar al inmueble.<\/p>\n<p><strong>\u00abEsta gente pate\u00f3 la puerta y entraron\u00bb<\/strong>, cont\u00f3 Tomada en di\u00e1logo con la prensa y aclar\u00f3 que <strong>\u00abla empujaron, pero por suerte fue una situaci\u00f3n triste, grave y molesta pero eso y nada m\u00e1s\u00bb<\/strong>.<\/p>\n<p>Tomada reconoci\u00f3 que el robo fue al voleo y aclar\u00f3:\u00a0<strong>\u00abHace 18 a\u00f1os que vivo ac\u00e1 y nunca tuve ning\u00fan problema\u00bb<\/strong>.\u00a0Al mismo tiempo afirm\u00f3:\u00a0 <strong>\u00abNunca tuve custodia ni he pensado en poner\u00bb.<\/strong><\/p>\n","protected":false},"excerpt":{"rendered":"<p>Fue anoche cuando la mujer del ministro de Trabajo ingresaba a la vivienda, en la misma zona donde hace d\u00edas hubo una toma de reh\u00e9nes y un polic\u00eda mato a un delincuente. La esposa del ministro de Trabajo, Carlos Tomada, fue sorprendida ayer por dos ladrones en la puerta de\u00a0su casa en el barrio porte\u00f1o&hellip;<\/p>\n","protected":false},"author":1,"featured_media":0,"comment_status":"open","ping_status":"open","sticky":false,"template":"","format":"standard","meta":{"footnotes":""},"categories":[22],"tags":[434,1113,4346,1469,123,569,1337,502,116],"class_list":["post-8912","post","type-post","status-publish","format-standard","hentry","category-policiales","tag-carlos-tomada","tag-casa","tag-comisaria-21","tag-custodia","tag-dinero","tag-esposa","tag-palermo","tag-policia-federal-argentina","tag-robo"],"_links":{"self":[{"href":"https:\/\/www.elsindical.com.ar\/notas\/wp-json\/wp\/v2\/posts\/8912","targetHints":{"allow":["GET"]}}],"collection":[{"href":"https:\/\/www.elsindical.com.ar\/notas\/wp-json\/wp\/v2\/posts"}],"about":[{"href":"https:\/\/www.elsindical.com.ar\/notas\/wp-json\/wp\/v2\/types\/post"}],"author":[{"embeddable":true,"href":"https:\/\/www.elsindical.com.ar\/notas\/wp-json\/wp\/v2\/users\/1"}],"replies":[{"embeddable":true,"href":"https:\/\/www.elsindical.com.ar\/notas\/wp-json\/wp\/v2\/comments?post=8912"}],"version-history":[{"count":1,"href":"https:\/\/www.elsindical.com.ar\/notas\/wp-json\/wp\/v2\/posts\/8912\/revisions"}],"predecessor-version":[{"id":8914,"href":"https:\/\/www.elsindical.com.ar\/notas\/wp-json\/wp\/v2\/posts\/8912\/revisions\/8914"}],"wp:attachment":[{"href":"https:\/\/www.elsindical.com.ar\/notas\/wp-json\/wp\/v2\/media?parent=8912"}],"wp:term":[{"taxonomy":"category","embeddable":true,"href":"https:\/\/www.elsindical.com.ar\/notas\/wp-json\/wp\/v2\/categories?post=8912"},{"taxonomy":"post_tag","embeddable":true,"href":"https:\/\/www.elsindical.com.ar\/notas\/wp-json\/wp\/v2\/tags?post=8912"}],"curies":[{"name":"wp","href":"https:\/\/api.w.org\/{rel}","templated":true}]}}