{"id":89063,"date":"2019-08-08T00:21:26","date_gmt":"2019-08-08T03:21:26","guid":{"rendered":"http:\/\/www.elsindical.com.ar\/notas\/?p=89063"},"modified":"2019-08-08T00:25:54","modified_gmt":"2019-08-08T03:25:54","slug":"detienen-a-degenerado-con-pantalones-bajos-en-colectivo-del-metrobus-de-avenida-9-de-julio","status":"publish","type":"post","link":"https:\/\/www.elsindical.com.ar\/notas\/detienen-a-degenerado-con-pantalones-bajos-en-colectivo-del-metrobus-de-avenida-9-de-julio\/","title":{"rendered":"Detienen a degenerado con pantalones bajos en colectivo del Metrob\u00fas de Avenida 9 de julio"},"content":{"rendered":"\n<figure class=\"wp-block-image\"><img loading=\"lazy\" decoding=\"async\" width=\"510\" height=\"350\" src=\"http:\/\/www.elsindical.com.ar\/notas\/var\/www\/html\/notas\/wp-content\/uploads\/2019\/08\/metrobus100.jpg\" alt=\"\" class=\"wp-image-89064\" srcset=\"https:\/\/www.elsindical.com.ar\/notas\/var\/www\/html\/notas\/wp-content\/uploads\/2019\/08\/metrobus100.jpg 510w, https:\/\/www.elsindical.com.ar\/notas\/var\/www\/html\/notas\/wp-content\/uploads\/2019\/08\/metrobus100-300x206.jpg 300w, https:\/\/www.elsindical.com.ar\/notas\/var\/www\/html\/notas\/wp-content\/uploads\/2019\/08\/metrobus100-437x300.jpg 437w\" sizes=\"auto, (max-width: 510px) 100vw, 510px\" \/><\/figure>\n\n\n\n<p class=\"wp-block-paragraph\">Un hombre se baj\u00f3 los pantalones  arriba de una unidad de la l\u00ednea 100, en el Metrob\u00fas de la avenida 9 de  Julio,\u00a0 y\u00a0comenz\u00f3 a acosar a la joven. Los pasajeros reaccionaron y  obligaron a que el chofer detuviera la marcha. <\/p>\n\n\n\n<p class=\"wp-block-paragraph\">Un joven de 26 a\u00f1os fue detenido en el Metrob\u00fas de la avenida 9 de Julio tras abusar sexualmente de una adolescente de 16 dentro de un colectivo, informaron este mi\u00e9rcoles fuentes policiales.<\/p>\n\n\n\n<p class=\"wp-block-paragraph\">El hecho se registr\u00f3 el viernes \u00faltimo en un interno de la l\u00ednea 100  que circulaba por esa avenida a la altura del barrio porte\u00f1o de San Nicol\u00e1s, donde la v\u00edctima viajaba con su madre.<\/p>\n\n\n\n<p class=\"wp-block-paragraph\">Seg\u00fan voceros de la Polic\u00eda de la Ciudad, el hombre se baj\u00f3 los \npantalones frente a la adolescente y comenz\u00f3 a acosarla, ante lo cual \nlos dem\u00e1s pasajeros del colectivo obligaron al chofer a que detuviera la\n marcha.<\/p>\n\n\n\n<p class=\"wp-block-paragraph\">Personal de la Divisi\u00f3n Subte de esa fuerza de seguridad que se \nencontraba patrullando en la zona not\u00f3 el movimiento de las personas que\n descend\u00edan del colectivo, algunas de ellas pidiendo ayuda, y a un \nhombre que intentaba escapar con los pantalones todav\u00eda bajos.<\/p>\n\n\n\n<p class=\"wp-block-paragraph\">En ese momento, los agentes interceptaron al acosador y se \nentrevistaron con la v\u00edctima y su madre, quienes les explicaron todo lo \nsucedido, agregaron las fuentes.<\/p>\n\n\n\n<p class=\"wp-block-paragraph\">Tras el episodio, el joven fue detenido y puesto a disposici\u00f3n del \nJuzgado Criminal y Correccional 19, a cargo de Delfina W\u00fcllich, quien \norden\u00f3 medidas para avanzar con la causa.<\/p>\n","protected":false},"excerpt":{"rendered":"<p>Un hombre se baj\u00f3 los pantalones arriba de una unidad de la l\u00ednea 100, en el Metrob\u00fas de la avenida 9 de Julio,\u00a0 y\u00a0comenz\u00f3 a acosar a la joven. Los pasajeros reaccionaron y obligaron a que el chofer detuviera la marcha. Un joven de 26 a\u00f1os fue detenido en el Metrob\u00fas de la avenida 9&hellip;<\/p>\n","protected":false},"author":1,"featured_media":89064,"comment_status":"open","ping_status":"open","sticky":false,"template":"","format":"standard","meta":{"footnotes":""},"categories":[22],"tags":[31382,5121,4159,31381],"class_list":["post-89063","post","type-post","status-publish","format-standard","has-post-thumbnail","hentry","category-policiales","tag-avenida-9-de-julio","tag-degenerado","tag-linea-100","tag-metrobus-2"],"_links":{"self":[{"href":"https:\/\/www.elsindical.com.ar\/notas\/wp-json\/wp\/v2\/posts\/89063","targetHints":{"allow":["GET"]}}],"collection":[{"href":"https:\/\/www.elsindical.com.ar\/notas\/wp-json\/wp\/v2\/posts"}],"about":[{"href":"https:\/\/www.elsindical.com.ar\/notas\/wp-json\/wp\/v2\/types\/post"}],"author":[{"embeddable":true,"href":"https:\/\/www.elsindical.com.ar\/notas\/wp-json\/wp\/v2\/users\/1"}],"replies":[{"embeddable":true,"href":"https:\/\/www.elsindical.com.ar\/notas\/wp-json\/wp\/v2\/comments?post=89063"}],"version-history":[{"count":1,"href":"https:\/\/www.elsindical.com.ar\/notas\/wp-json\/wp\/v2\/posts\/89063\/revisions"}],"predecessor-version":[{"id":89065,"href":"https:\/\/www.elsindical.com.ar\/notas\/wp-json\/wp\/v2\/posts\/89063\/revisions\/89065"}],"wp:featuredmedia":[{"embeddable":true,"href":"https:\/\/www.elsindical.com.ar\/notas\/wp-json\/wp\/v2\/media\/89064"}],"wp:attachment":[{"href":"https:\/\/www.elsindical.com.ar\/notas\/wp-json\/wp\/v2\/media?parent=89063"}],"wp:term":[{"taxonomy":"category","embeddable":true,"href":"https:\/\/www.elsindical.com.ar\/notas\/wp-json\/wp\/v2\/categories?post=89063"},{"taxonomy":"post_tag","embeddable":true,"href":"https:\/\/www.elsindical.com.ar\/notas\/wp-json\/wp\/v2\/tags?post=89063"}],"curies":[{"name":"wp","href":"https:\/\/api.w.org\/{rel}","templated":true}]}}