{"id":89010,"date":"2019-08-05T22:56:15","date_gmt":"2019-08-06T01:56:15","guid":{"rendered":"http:\/\/www.elsindical.com.ar\/notas\/?p=89010"},"modified":"2019-08-05T22:56:26","modified_gmt":"2019-08-06T01:56:26","slug":"judiciales-bonaerenses-pararon-tras-la-feria-en-reclamo-de-recomposicion-salarial","status":"publish","type":"post","link":"https:\/\/www.elsindical.com.ar\/notas\/judiciales-bonaerenses-pararon-tras-la-feria-en-reclamo-de-recomposicion-salarial\/","title":{"rendered":"Judiciales Bonaerenses pararon tras la feria en reclamo de recomposici\u00f3n salarial"},"content":{"rendered":"\n<figure class=\"wp-block-image\"><img loading=\"lazy\" decoding=\"async\" width=\"960\" height=\"702\" src=\"http:\/\/www.elsindical.com.ar\/notas\/var\/www\/html\/notas\/wp-content\/uploads\/2019\/08\/Paro-AJB-Quilmes.jpg\" alt=\"\" class=\"wp-image-89011\" srcset=\"https:\/\/www.elsindical.com.ar\/notas\/var\/www\/html\/notas\/wp-content\/uploads\/2019\/08\/Paro-AJB-Quilmes.jpg 960w, https:\/\/www.elsindical.com.ar\/notas\/var\/www\/html\/notas\/wp-content\/uploads\/2019\/08\/Paro-AJB-Quilmes-300x219.jpg 300w, https:\/\/www.elsindical.com.ar\/notas\/var\/www\/html\/notas\/wp-content\/uploads\/2019\/08\/Paro-AJB-Quilmes-768x562.jpg 768w, https:\/\/www.elsindical.com.ar\/notas\/var\/www\/html\/notas\/wp-content\/uploads\/2019\/08\/Paro-AJB-Quilmes-410x300.jpg 410w\" sizes=\"auto, (max-width: 960px) 100vw, 960px\" \/><\/figure>\n\n\n\n<p>La Asociaci\u00f3n Judicial Bonaerense (AJB) realiz\u00f3 este lunes, el primer\n d\u00eda h\u00e1bil tras la feria judicial, un paro con acciones en sus 19 \ndepartamentales ante el estancamiento de las negociaciones paritarias \ncon la provincia y de malas condiciones laborales. Adem\u00e1s el gremio \npublic\u00f3 una solicitada donde expresa que el Ejecutivo provincial gener\u00f3 \n\u201cun serio retroceso en el sistema judicial bonaerense\u201d.<\/p>\n\n\n\n<p>Los judiciales encabezaron una nueva medida de fuerza en toda la \nprovincia sin movilizaci\u00f3n para reiterar los pedidos que ya esgrimi\u00f3 a \nlo largo del a\u00f1o, ante una paritaria que no tiene perspectiva de \nreapertura en el corto plazo.<\/p>\n\n\n\n<p>Seg\u00fan el gremio, la misma \u201ctendr\u00e1 continuidad las veces que sea \nnecesaria hasta que el Ejecutivo retome el di\u00e1logo y se aborde en el \n\u00e1mbito adecuado una soluci\u00f3n a los problemas que padece el Poder \nJudicial\u201d.<\/p>\n\n\n\n<p>\u201c<strong>Fue una jornada muy buena y con mucha conciencia de los compa\u00f1eros de la necesidad de tener medidas de acci\u00f3n directa<\/strong>\u201d, apreci\u00f3 el secretario general de la seccional Quilmes de la AJB, <strong>Gonzalo Cianis<\/strong>, en di\u00e1logo con <strong>DiarioConurbano.com<\/strong>.<\/p>\n\n\n\n<p>Asimismo, inform\u00f3 que pese a la retenci\u00f3n de tareas \u201c<strong>la \nactividad se desarroll\u00f3 garantizando el acceso de la gente\u201d a las \u00e1reas \nsensibles de la justicia con labores de urgencia ante \u201ccompromiso que \ntiene el trabajador\u201d.<\/strong><\/p>\n\n\n\n<p>Durante la jornada, la <strong>AJB tambi\u00e9n public\u00f3 una solicitada<\/strong> donde expresa que <strong>\u201cen\n sus tres a\u00f1os y medio de mandato, el gobierno de&nbsp;Mar\u00eda Eugenia Vidal&nbsp;ha\n generado un serio retroceso en el sistema judicial bonaerense\u201d.<\/strong><\/p>\n\n\n\n<p>\u201cMediante un ajuste profundo y sistem\u00e1tico, ha recortado el salario \nreal de las y los empleados y funcionarios judiciales, congelado el \ningreso de personal en un contexto de fuerte crecimiento de la \nlitigiosidad y reducido a un m\u00ednimo hist\u00f3rico la inversi\u00f3n en \ninfraestructura\u201d, agrega en tanto.<\/p>\n\n\n\n<p>Antes del receso invernal, los judiciales hab\u00edan rechazado la suba  unilateral del Ejecutivo bonaerense, la cual fue a cuenta de futuros  aumentos y de apenas el 13 por ciento en tramos retroactivo a diciembre.<\/p>\n\n\n\n<p>Pese a lo estrictamente salarial, el secretario general quilme\u00f1o \ntambi\u00e9n se\u00f1al\u00f3 una situaci\u00f3n de \u201cachique presupuestario\u201d que \u201cpuso al \nsistema judicial en una de sus peores crisis edilicias e infraestructura\n de su historia\u201d y \u201clos aprietes que viven sufriendo los jueces por \ncuestiones pol\u00edticas\u201d como otros de los ejes del reclamo y la \nsolicitada.<\/p>\n\n\n\n<p>Todos estos reclamos son esgrimidos por el sector desde finales del \npasado a\u00f1o y los mismos a\u00fan no tuvieron eco en el Ejecutivo provincial, <strong>situaci\u00f3n que genera \u201cmucha bronca\u201d en el trabajador judicial que \u201cno puede creerla\u201d, expres\u00f3 el dirigente<\/strong>.<\/p>\n\n\n\n<p>\u201cEn la provincia <strong>tenemos uno de los poderes judiciales donde \nla relaci\u00f3n empleado \u2013 cantidad de habitantes es de las m\u00e1s bajas del \npa\u00eds pese a ser el de mayor envergadura,<\/strong> adem\u00e1s de uno de los \nsalarios m\u00e1s bajos del pa\u00eds dentro de los empleados judiciales. Por eso \nhay mucha bronca con la gobernadora\u201d, explic\u00f3 en ese sentido.<\/p>\n\n\n\n<p>El gremio judicial realizar\u00e1 este martes asambleas en los diecinueve \ndepartamentos judiciales para definir la continuidad del plan de acci\u00f3n \nal corto y mediano plazo. Tras eso, habr\u00e1 un Congreso provincial para \nestablecerlo y ponerle fechas.<\/p>\n\n\n\n<p>Estas definiciones llegar\u00e1n tras las PASO de este domingo 11, donde \nel resultado podr\u00eda ser determinante para las pr\u00f3ximas negociaciones con\n el Ejecutivo bonaerense ya que, seg\u00fan estim\u00f3 Cianis, \u201cla l\u00f3gica indica \nque si le va mal a la gobernadora se va a replantear la pol\u00edtica que \nest\u00e1 desarrollando\u201d.<\/p>\n\n\n\n<p><strong>\u201cEsperemos que tenga una se\u00f1al de alarma en las elecciones \ndel domingo, que se refleje la bronca que tienen los judiciales al \nmomento de tomar una decisi\u00f3n<\/strong> y que la gobernadora tenga que \nreconsiderar c\u00f3mo est\u00e1 desarrollando su pol\u00edtica hacia el poder judicial\n administrando la provincia\u201d, concluy\u00f3 el secretario general de la AJB&nbsp; \nQuilmes.<\/p>\n","protected":false},"excerpt":{"rendered":"<p>La Asociaci\u00f3n Judicial Bonaerense (AJB) realiz\u00f3 este lunes, el primer d\u00eda h\u00e1bil tras la feria judicial, un paro con acciones en sus 19 departamentales ante el estancamiento de las negociaciones paritarias con la provincia y de malas condiciones laborales. Adem\u00e1s el gremio public\u00f3 una solicitada donde expresa que el Ejecutivo provincial gener\u00f3 \u201cun serio retroceso&hellip;<\/p>\n","protected":false},"author":1,"featured_media":89011,"comment_status":"open","ping_status":"open","sticky":false,"template":"","format":"standard","meta":{"footnotes":""},"categories":[16],"tags":[4626,868,67,684],"class_list":["post-89010","post","type-post","status-publish","format-standard","has-post-thumbnail","hentry","category-gremiales","tag-ajb","tag-feria","tag-paro","tag-quilmes"],"_links":{"self":[{"href":"https:\/\/www.elsindical.com.ar\/notas\/wp-json\/wp\/v2\/posts\/89010","targetHints":{"allow":["GET"]}}],"collection":[{"href":"https:\/\/www.elsindical.com.ar\/notas\/wp-json\/wp\/v2\/posts"}],"about":[{"href":"https:\/\/www.elsindical.com.ar\/notas\/wp-json\/wp\/v2\/types\/post"}],"author":[{"embeddable":true,"href":"https:\/\/www.elsindical.com.ar\/notas\/wp-json\/wp\/v2\/users\/1"}],"replies":[{"embeddable":true,"href":"https:\/\/www.elsindical.com.ar\/notas\/wp-json\/wp\/v2\/comments?post=89010"}],"version-history":[{"count":1,"href":"https:\/\/www.elsindical.com.ar\/notas\/wp-json\/wp\/v2\/posts\/89010\/revisions"}],"predecessor-version":[{"id":89012,"href":"https:\/\/www.elsindical.com.ar\/notas\/wp-json\/wp\/v2\/posts\/89010\/revisions\/89012"}],"wp:featuredmedia":[{"embeddable":true,"href":"https:\/\/www.elsindical.com.ar\/notas\/wp-json\/wp\/v2\/media\/89011"}],"wp:attachment":[{"href":"https:\/\/www.elsindical.com.ar\/notas\/wp-json\/wp\/v2\/media?parent=89010"}],"wp:term":[{"taxonomy":"category","embeddable":true,"href":"https:\/\/www.elsindical.com.ar\/notas\/wp-json\/wp\/v2\/categories?post=89010"},{"taxonomy":"post_tag","embeddable":true,"href":"https:\/\/www.elsindical.com.ar\/notas\/wp-json\/wp\/v2\/tags?post=89010"}],"curies":[{"name":"wp","href":"https:\/\/api.w.org\/{rel}","templated":true}]}}