{"id":88981,"date":"2019-08-04T14:49:57","date_gmt":"2019-08-04T17:49:57","guid":{"rendered":"http:\/\/www.elsindical.com.ar\/notas\/?p=88981"},"modified":"2019-08-04T14:49:57","modified_gmt":"2019-08-04T17:49:57","slug":"ari-larrou-ignoto-personaje-escrachado-por-violencia-de-genero-en-facebook","status":"publish","type":"post","link":"https:\/\/www.elsindical.com.ar\/notas\/ari-larrou-ignoto-personaje-escrachado-por-violencia-de-genero-en-facebook\/","title":{"rendered":"Ari Larrou ignoto personaje escrachado por violencia de g\u00e9nero en Facebook"},"content":{"rendered":"\n<figure class=\"wp-block-image\"><img loading=\"lazy\" decoding=\"async\" width=\"719\" height=\"719\" src=\"http:\/\/www.elsindical.com.ar\/notas\/var\/www\/html\/notas\/wp-content\/uploads\/2019\/08\/Ari-Larrou.jpg\" alt=\"\" class=\"wp-image-88982\" srcset=\"https:\/\/www.elsindical.com.ar\/notas\/var\/www\/html\/notas\/wp-content\/uploads\/2019\/08\/Ari-Larrou.jpg 719w, https:\/\/www.elsindical.com.ar\/notas\/var\/www\/html\/notas\/wp-content\/uploads\/2019\/08\/Ari-Larrou-150x150.jpg 150w, https:\/\/www.elsindical.com.ar\/notas\/var\/www\/html\/notas\/wp-content\/uploads\/2019\/08\/Ari-Larrou-300x300.jpg 300w, https:\/\/www.elsindical.com.ar\/notas\/var\/www\/html\/notas\/wp-content\/uploads\/2019\/08\/Ari-Larrou-50x50.jpg 50w\" sizes=\"auto, (max-width: 719px) 100vw, 719px\" \/><\/figure>\n\n\n\n<p>  Un ignoto personaje del que no se conocen medios de vida formales ni una profesi\u00f3n concreta ya que forma parte de una programa radia denominado La Lupa Rebelde que se emit\u00eda por la FM Ahijuna FM 94.7 de Quilmes.<\/p>\n\n\n\n<p>En su perfil de Facebook se presenta como un comediante de stand up, de lugares alternativos y de baja concurrencia, lamentablemente sus 5 minutos de fama llegan por su conducta en las redes sociales, algo inesperado de alguien que utiliza las redes para promocionar sus actividades o subir fotos familiares, termine escrachado por acosar y agredir a su v\u00edctima cuando esta no acepto sus propuestas para concretar un encuentro.<\/p>\n\n\n\n<p>Su conversaci\u00f3n es tan rid\u00edcula como sus acciones, pasa de intentar una seducci\u00f3n sencilla y mediocre a referir insultos que se encuandran en la violencia de g\u00e9nero, por lo que de as\u00ed quererlo lo joven agredida podr\u00eda denunciar al joven residente de la localidad de Quilmes, provincia de Buenos Aires.<\/p>\n\n\n\n<p>Este tipo de conductas, especialmente en gente que participa en los medios deben ser erradicadas y el medio del que forma parte deber\u00eda aplicar una sanci\u00f3n ejemplar al respecto.<\/p>\n\n\n\n<ul class=\"wp-block-gallery columns-0 is-cropped wp-block-gallery-1 is-layout-flex wp-block-gallery-is-layout-flex\"><li class=\"blocks-gallery-item\"><figure><img loading=\"lazy\" decoding=\"async\" width=\"540\" height=\"960\" src=\"http:\/\/www.elsindical.com.ar\/notas\/var\/www\/html\/notas\/wp-content\/uploads\/2019\/08\/escrache-acosador-1-1.jpg\" alt=\"\" data-id=\"88991\" data-link=\"http:\/\/www.elsindical.com.ar\/notas\/?attachment_id=88991#main\" class=\"wp-image-88991\" srcset=\"https:\/\/www.elsindical.com.ar\/notas\/var\/www\/html\/notas\/wp-content\/uploads\/2019\/08\/escrache-acosador-1-1.jpg 540w, https:\/\/www.elsindical.com.ar\/notas\/var\/www\/html\/notas\/wp-content\/uploads\/2019\/08\/escrache-acosador-1-1-169x300.jpg 169w\" sizes=\"auto, (max-width: 540px) 100vw, 540px\" \/><\/figure><\/li><li class=\"blocks-gallery-item\"><figure><img loading=\"lazy\" decoding=\"async\" width=\"540\" height=\"960\" src=\"http:\/\/www.elsindical.com.ar\/notas\/var\/www\/html\/notas\/wp-content\/uploads\/2019\/08\/escrache-acosador-2-1.jpg\" alt=\"\" data-id=\"88992\" data-link=\"http:\/\/www.elsindical.com.ar\/notas\/?attachment_id=88992#main\" class=\"wp-image-88992\" srcset=\"https:\/\/www.elsindical.com.ar\/notas\/var\/www\/html\/notas\/wp-content\/uploads\/2019\/08\/escrache-acosador-2-1.jpg 540w, https:\/\/www.elsindical.com.ar\/notas\/var\/www\/html\/notas\/wp-content\/uploads\/2019\/08\/escrache-acosador-2-1-169x300.jpg 169w\" sizes=\"auto, (max-width: 540px) 100vw, 540px\" \/><\/figure><\/li><li class=\"blocks-gallery-item\"><figure><img loading=\"lazy\" decoding=\"async\" width=\"540\" height=\"960\" src=\"http:\/\/www.elsindical.com.ar\/notas\/var\/www\/html\/notas\/wp-content\/uploads\/2019\/08\/escrache-acosador-3-1.jpg\" alt=\"\" data-id=\"88993\" data-link=\"http:\/\/www.elsindical.com.ar\/notas\/?attachment_id=88993#main\" class=\"wp-image-88993\" srcset=\"https:\/\/www.elsindical.com.ar\/notas\/var\/www\/html\/notas\/wp-content\/uploads\/2019\/08\/escrache-acosador-3-1.jpg 540w, https:\/\/www.elsindical.com.ar\/notas\/var\/www\/html\/notas\/wp-content\/uploads\/2019\/08\/escrache-acosador-3-1-169x300.jpg 169w\" sizes=\"auto, (max-width: 540px) 100vw, 540px\" \/><\/figure><\/li><li class=\"blocks-gallery-item\"><figure><img loading=\"lazy\" decoding=\"async\" width=\"540\" height=\"960\" src=\"http:\/\/www.elsindical.com.ar\/notas\/var\/www\/html\/notas\/wp-content\/uploads\/2019\/08\/escrache-acosador-4-1.jpg\" alt=\"\" data-id=\"88994\" data-link=\"http:\/\/www.elsindical.com.ar\/notas\/?attachment_id=88994#main\" class=\"wp-image-88994\" srcset=\"https:\/\/www.elsindical.com.ar\/notas\/var\/www\/html\/notas\/wp-content\/uploads\/2019\/08\/escrache-acosador-4-1.jpg 540w, https:\/\/www.elsindical.com.ar\/notas\/var\/www\/html\/notas\/wp-content\/uploads\/2019\/08\/escrache-acosador-4-1-169x300.jpg 169w\" sizes=\"auto, (max-width: 540px) 100vw, 540px\" \/><\/figure><\/li><\/ul>\n","protected":false},"excerpt":{"rendered":"<p>Un ignoto personaje del que no se conocen medios de vida formales ni una profesi\u00f3n concreta ya que forma parte de una programa radia denominado La Lupa Rebelde que se emit\u00eda por la FM Ahijuna FM 94.7 de Quilmes. En su perfil de Facebook se presenta como un comediante de stand up, de lugares alternativos&hellip;<\/p>\n","protected":false},"author":1,"featured_media":88982,"comment_status":"open","ping_status":"open","sticky":false,"template":"","format":"standard","meta":{"footnotes":""},"categories":[6],"tags":[31363,219,2605,572],"class_list":["post-88981","post","type-post","status-publish","format-standard","has-post-thumbnail","hentry","category-denuncias","tag-ari-larrou","tag-facebook","tag-redes-sociales","tag-violencia-de-genero"],"_links":{"self":[{"href":"https:\/\/www.elsindical.com.ar\/notas\/wp-json\/wp\/v2\/posts\/88981","targetHints":{"allow":["GET"]}}],"collection":[{"href":"https:\/\/www.elsindical.com.ar\/notas\/wp-json\/wp\/v2\/posts"}],"about":[{"href":"https:\/\/www.elsindical.com.ar\/notas\/wp-json\/wp\/v2\/types\/post"}],"author":[{"embeddable":true,"href":"https:\/\/www.elsindical.com.ar\/notas\/wp-json\/wp\/v2\/users\/1"}],"replies":[{"embeddable":true,"href":"https:\/\/www.elsindical.com.ar\/notas\/wp-json\/wp\/v2\/comments?post=88981"}],"version-history":[{"count":1,"href":"https:\/\/www.elsindical.com.ar\/notas\/wp-json\/wp\/v2\/posts\/88981\/revisions"}],"predecessor-version":[{"id":88995,"href":"https:\/\/www.elsindical.com.ar\/notas\/wp-json\/wp\/v2\/posts\/88981\/revisions\/88995"}],"wp:featuredmedia":[{"embeddable":true,"href":"https:\/\/www.elsindical.com.ar\/notas\/wp-json\/wp\/v2\/media\/88982"}],"wp:attachment":[{"href":"https:\/\/www.elsindical.com.ar\/notas\/wp-json\/wp\/v2\/media?parent=88981"}],"wp:term":[{"taxonomy":"category","embeddable":true,"href":"https:\/\/www.elsindical.com.ar\/notas\/wp-json\/wp\/v2\/categories?post=88981"},{"taxonomy":"post_tag","embeddable":true,"href":"https:\/\/www.elsindical.com.ar\/notas\/wp-json\/wp\/v2\/tags?post=88981"}],"curies":[{"name":"wp","href":"https:\/\/api.w.org\/{rel}","templated":true}]}}