{"id":88760,"date":"2019-07-23T14:51:18","date_gmt":"2019-07-23T17:51:18","guid":{"rendered":"http:\/\/www.elsindical.com.ar\/notas\/?p=88760"},"modified":"2019-07-23T14:51:18","modified_gmt":"2019-07-23T17:51:18","slug":"de-lo-que-nadie-habla-un-duro-invierno-sin-luz","status":"publish","type":"post","link":"https:\/\/www.elsindical.com.ar\/notas\/de-lo-que-nadie-habla-un-duro-invierno-sin-luz\/","title":{"rendered":"De lo que nadie habla &#8211; un duro invierno sin luz"},"content":{"rendered":"\n<figure class=\"wp-block-image\"><img loading=\"lazy\" decoding=\"async\" width=\"502\" height=\"455\" src=\"http:\/\/www.elsindical.com.ar\/notas\/var\/www\/html\/notas\/wp-content\/uploads\/2016\/07\/Logo-nuevo-APSEE-ok.jpg\" alt=\"\" class=\"wp-image-61049\" srcset=\"https:\/\/www.elsindical.com.ar\/notas\/var\/www\/html\/notas\/wp-content\/uploads\/2016\/07\/Logo-nuevo-APSEE-ok.jpg 502w, https:\/\/www.elsindical.com.ar\/notas\/var\/www\/html\/notas\/wp-content\/uploads\/2016\/07\/Logo-nuevo-APSEE-ok-300x272.jpg 300w, https:\/\/www.elsindical.com.ar\/notas\/var\/www\/html\/notas\/wp-content\/uploads\/2016\/07\/Logo-nuevo-APSEE-ok-331x300.jpg 331w\" sizes=\"auto, (max-width: 502px) 100vw, 502px\" \/><\/figure>\n\n\n\n<p class=\"wp-block-paragraph\"><strong>DE LO QUE NADIE HABLA:\nUN DURO INVIERNO SIN LUZ<br><\/strong><strong>&nbsp; &nbsp; &nbsp; &nbsp; &nbsp; &nbsp; &nbsp; &nbsp; &nbsp; &nbsp;El vaciamiento del\nGrupo Enel a EDESUR y CENTRAL COSTANERA<\/strong><strong><br><\/strong><\/p>\n\n\n\n<p class=\"wp-block-paragraph\">Una vez m\u00e1s el personal de la Empresas El\u00e9ctricas que tienen\na su cargo la prestaci\u00f3n del Servicio P\u00fablico de Electricidad en la Ciudad\nAut\u00f3noma de Buenos Aires y el Conurbano Bonaerense, volvemos a denunciar que\nnos encontramos ante una Violencia Laboral pocas veces vista desde adentro de\nlas empresas y por parte de los clientes que se encuentran sin Servicio El\u00e9ctrico,\nsin entender que tambi\u00e9n somos v\u00edctimas como ellos, mientras las empresas\nobligan al personal de conducci\u00f3n a ser la cara visible de la crisis\nenerg\u00e9tica; quedando muchas veces expuestos por falta de recursos, de\nrespuestas ante los afectados y tergiversando la realidad&nbsp; que venimos soportando. <\/p>\n\n\n\n<p class=\"wp-block-paragraph\">M\u00e1s de 60 barrios del \u00c1rea de Concesi\u00f3n de estas empresas son\nlos que se encuentran sin suministro el\u00e9ctrico de manera sistem\u00e1tica durante lo\nque va de este invierno, m\u00e1s de 100.000 familias se ven afectadas por varios\nd\u00edas sin luz y sin ning\u00fan tipo de respuesta, agravados en esta oportunidad por\nla tormenta desatada que dejo cerca de 200.000 hogares sin suministro, y si\nsumamos el corte hist\u00f3rico de dejar una Naci\u00f3n sin Energ\u00eda El\u00e9ctrica o en la\nciudad de La Plata el corte que dejo media ciudad sin luz, producto de la falta\nde inversi\u00f3n, la falta de profesionalismo de las empresas contratistas a cargo\nde las reclamaciones, producto del vaciamiento del personal propio, ante\njubilaciones donde no se cubren los puestos, ni se prepar\u00f3 reemplazante,\nprocesos de Retiros Voluntarios, y bajas m\u00e9dicas prolongadas en la mayor\u00eda de\nsus casos por problemas suscitados por la fuerte presi\u00f3n que ejercen sobre los\nmismos, hoy hay empresas que llaman al personal que est\u00e1n de baja m\u00e9dica\nemplaz\u00e1ndolos \u00abque de no levantar la baja ser\u00e1n desafectados de la empresa y se\nles ofrecen el Retiro Voluntario\u00bb y a otros envi\u00e1ndoles una nota llam\u00e1ndolos a\nla reflexi\u00f3n, en un claro motivo de generar angustia y causas para vaciar la\nempresa de personal propio\u00bb y seguir tercerizando las funciones con el fin\nde&nbsp; bajar costos, sin importar la\nprecarizaci\u00f3n del Servicio.<\/p>\n\n\n\n<p class=\"wp-block-paragraph\">A pesar de las altas tarifas, hemos llegado a superar el\n3100% y encontr\u00e1ndonos con una baja demanda por falta de consumo,&nbsp; m\u00e1s de 190.000 medidores prepagos que rompen\nla relaci\u00f3n empresa-cliente, y a este escenario se le suma el agravante de la\nfalta de control por parte del Gobierno Nacional y Provincial y los Entes\ncreados a ese fin, los cuales no registran los cortes reales del suministro.<\/p>\n\n\n\n<p class=\"wp-block-paragraph\">Adem\u00e1s en esta pol\u00edtica de vaciamiento en los que estamos\ninmersos, beneficiando a los due\u00f1os de la energ\u00eda, resaltando las del Grupo\nEnel EDESUR-COSTANERA, pretendiendo dar de baja \u00abm\u00e1quinas\u00bb t\u00e9rmicas que\nrepresentan una reserva importante de potencia, dejando a miles de trabajadores\ndesocupados. Adem\u00e1s en la actualidad se niegan a actualizar los salarios por la\nalta inflaci\u00f3n, en una clara decisi\u00f3n autoritaria, en un firme desprecio a su\nfuerza laboral.<\/p>\n\n\n\n<p class=\"wp-block-paragraph\">Nuestra entidad sindical, ante la falta de soluciones a los\nproblemas que venimos planteando con referencia al destrato que ejercen desde\nlas \u00e1reas de Recursos Humanos, iniciar\u00e1 las acciones legales correspondientes\ncontra las empresas del sector ante la Violencia Laboral que ejercen contra su personal,\nya sea en el \u00e1mbito nacional, en el internacional a trav\u00e9s de la Internacional\nde Servicios P\u00fablicos (ISP) en la cual formamos parte y en la Organizaci\u00f3n\nInternacional del Trabajo (OIT), estamos comprometidos con nuestro rol de Servidores\nP\u00fablicos, del Servicio que deben prestar las Empresas El\u00e9ctricas y ante los\nusuarios que se encuentran en una situaci\u00f3n denigrante con la complicidad que\nles dio a estas empresas el actual estado, no s\u00f3lo por verse sometida a la\ntransferencia de riqueza que represento el tarifazo, sino que le arrebataron un\nderecho b\u00e1sico insustituible para tener una vida digna.<\/p>\n\n\n\n<p class=\"wp-block-paragraph\"><strong>Carlos\nMinucci<\/strong><\/p>\n\n\n\n<p class=\"wp-block-paragraph\">Secretario General APSEE<\/p>\n\n\n\n<p class=\"wp-block-paragraph\">Confederaci\u00f3n General del Trabajo\nRA<\/p>\n\n\n\n<p class=\"wp-block-paragraph\">Corriente Federal de Trabajadores<\/p>\n","protected":false},"excerpt":{"rendered":"<p>DE LO QUE NADIE HABLA: UN DURO INVIERNO SIN LUZ&nbsp; &nbsp; &nbsp; &nbsp; &nbsp; &nbsp; &nbsp; &nbsp; &nbsp; &nbsp;El vaciamiento del Grupo Enel a EDESUR y CENTRAL COSTANERA Una vez m\u00e1s el personal de la Empresas El\u00e9ctricas que tienen a su cargo la prestaci\u00f3n del Servicio P\u00fablico de Electricidad en la Ciudad Aut\u00f3noma de Buenos&hellip;<\/p>\n","protected":false},"author":1,"featured_media":61049,"comment_status":"open","ping_status":"open","sticky":false,"template":"","format":"standard","meta":{"footnotes":""},"categories":[16],"tags":[23876,24045,2123,31317,239],"class_list":["post-88760","post","type-post","status-publish","format-standard","has-post-thumbnail","hentry","category-gremiales","tag-carlos-minucci","tag-central-costanera","tag-comunicado","tag-grupo-enel","tag-la-plata"],"_links":{"self":[{"href":"https:\/\/www.elsindical.com.ar\/notas\/wp-json\/wp\/v2\/posts\/88760","targetHints":{"allow":["GET"]}}],"collection":[{"href":"https:\/\/www.elsindical.com.ar\/notas\/wp-json\/wp\/v2\/posts"}],"about":[{"href":"https:\/\/www.elsindical.com.ar\/notas\/wp-json\/wp\/v2\/types\/post"}],"author":[{"embeddable":true,"href":"https:\/\/www.elsindical.com.ar\/notas\/wp-json\/wp\/v2\/users\/1"}],"replies":[{"embeddable":true,"href":"https:\/\/www.elsindical.com.ar\/notas\/wp-json\/wp\/v2\/comments?post=88760"}],"version-history":[{"count":1,"href":"https:\/\/www.elsindical.com.ar\/notas\/wp-json\/wp\/v2\/posts\/88760\/revisions"}],"predecessor-version":[{"id":88761,"href":"https:\/\/www.elsindical.com.ar\/notas\/wp-json\/wp\/v2\/posts\/88760\/revisions\/88761"}],"wp:featuredmedia":[{"embeddable":true,"href":"https:\/\/www.elsindical.com.ar\/notas\/wp-json\/wp\/v2\/media\/61049"}],"wp:attachment":[{"href":"https:\/\/www.elsindical.com.ar\/notas\/wp-json\/wp\/v2\/media?parent=88760"}],"wp:term":[{"taxonomy":"category","embeddable":true,"href":"https:\/\/www.elsindical.com.ar\/notas\/wp-json\/wp\/v2\/categories?post=88760"},{"taxonomy":"post_tag","embeddable":true,"href":"https:\/\/www.elsindical.com.ar\/notas\/wp-json\/wp\/v2\/tags?post=88760"}],"curies":[{"name":"wp","href":"https:\/\/api.w.org\/{rel}","templated":true}]}}