{"id":88746,"date":"2019-07-23T10:55:59","date_gmt":"2019-07-23T13:55:59","guid":{"rendered":"http:\/\/www.elsindical.com.ar\/notas\/?p=88746"},"modified":"2019-07-23T10:57:29","modified_gmt":"2019-07-23T13:57:29","slug":"alfajores-balcarce-solicito-procedimiento-preventivo-de-crisis","status":"publish","type":"post","link":"https:\/\/www.elsindical.com.ar\/notas\/alfajores-balcarce-solicito-procedimiento-preventivo-de-crisis\/","title":{"rendered":"Alfajores Balcarce solicit\u00f3 procedimiento preventivo de crisis"},"content":{"rendered":"\n<figure class=\"wp-block-image\"><img loading=\"lazy\" decoding=\"async\" width=\"796\" height=\"492\" src=\"http:\/\/www.elsindical.com.ar\/notas\/var\/www\/html\/notas\/wp-content\/uploads\/2019\/07\/empresa-Balcarce.jpg\" alt=\"\" class=\"wp-image-88747\" srcset=\"https:\/\/www.elsindical.com.ar\/notas\/var\/www\/html\/notas\/wp-content\/uploads\/2019\/07\/empresa-Balcarce.jpg 796w, https:\/\/www.elsindical.com.ar\/notas\/var\/www\/html\/notas\/wp-content\/uploads\/2019\/07\/empresa-Balcarce-300x185.jpg 300w, https:\/\/www.elsindical.com.ar\/notas\/var\/www\/html\/notas\/wp-content\/uploads\/2019\/07\/empresa-Balcarce-768x475.jpg 768w, https:\/\/www.elsindical.com.ar\/notas\/var\/www\/html\/notas\/wp-content\/uploads\/2019\/07\/empresa-Balcarce-485x300.jpg 485w\" sizes=\"auto, (max-width: 796px) 100vw, 796px\" \/><\/figure>\n\n\n\n<p> La tradicional empresa  marplatense hab\u00eda estado al borde de la quiebra en 2001, la rescataron  en 2003 y volvi\u00f3 a caer en la era Macri. La fuerte ca\u00edda del consumo es  una de las razones que golpean a la industria golosinera. <\/p>\n\n\n\n<p>La <strong>empresa de alfajores y postres Balcarce<\/strong> present\u00f3 un <strong>procedimiento preventivo de crisis<\/strong>\n por la ca\u00edda del consumo. Los puestos de m\u00e1s de 100 empleados, quienes \nya vienen sufriendo el atraso de sus salarios, est\u00e1n en peligro.<\/p>\n\n\n\n<p>Mart\u00edn Navarro, trabajador en la f\u00e1brica Balcarce y vocal del sindicato de los Pasteleros, <strong>explic\u00f3 que la empresa viene<\/strong>\n pagando el sueldo en cuotas desde hace un a\u00f1o, adeudan el salario \nactual, el aguinaldo de junio, el bono previsto para el sector el fin de\n a\u00f1o pasado y los aumentos paritarios.<\/p>\n\n\n\n<p>\u201cEn el procedimiento de crisis, la empresa pide la suspensi\u00f3n de ocho  d\u00edas por mes de los trabajadores de la f\u00e1brica, pero nosotros  reclamamos que se reduzca a la menor cantidad posible.<strong> Nuestra prioridad es mantener los puestos de trabajo<\/strong>\u201d, cont\u00f3 Navarro.<\/p>\n\n\n\n<p><strong>Miguel <\/strong><strong>Guglielmott<\/strong>i, secretario \ngeneral de la CGT Regional Mar del Plata, dijo al medio marplatense 0223\n que \u201cesto no escapa a la realidad cr\u00edtica que se est\u00e1 viviendo. Hoy, \nlas empresas van cayendo una a una y esto despu\u00e9s se traduce en las \np\u00e9rdidas de fuentes de empleo\u201d.<\/p>\n\n\n\n<p>Balcarce<strong> estuvo al borde de la quiebra en 2001<\/strong>, pero\n fue rescatada en 2003. Y ahora volvi\u00f3 a tambalear por la fuerte ca\u00edda \ndel consumo que se siente con m\u00e1s fuerza en el sector golosinas.<\/p>\n\n\n\n<p>Durante esta semana la empresa y los sindicatos volver\u00e1n a \nencontrarse en una conciliaci\u00f3n para poder definir un acuerdo en tanto a\n los d\u00edas de suspensi\u00f3n para la f\u00e1brica y la reducci\u00f3n de horas de \ntrabajo en los locales comerciales.<\/p>\n","protected":false},"excerpt":{"rendered":"<p>La tradicional empresa marplatense hab\u00eda estado al borde de la quiebra en 2001, la rescataron en 2003 y volvi\u00f3 a caer en la era Macri. La fuerte ca\u00edda del consumo es una de las razones que golpean a la industria golosinera. La empresa de alfajores y postres Balcarce present\u00f3 un procedimiento preventivo de crisis por&hellip;<\/p>\n","protected":false},"author":1,"featured_media":88747,"comment_status":"open","ping_status":"open","sticky":false,"template":"","format":"standard","meta":{"footnotes":""},"categories":[28],"tags":[12238,10313,8931,390,76],"class_list":["post-88746","post","type-post","status-publish","format-standard","has-post-thumbnail","hentry","category-empresariales","tag-alfajores","tag-balcarce","tag-concurso-preventivo","tag-crisis","tag-mauricio-macri"],"_links":{"self":[{"href":"https:\/\/www.elsindical.com.ar\/notas\/wp-json\/wp\/v2\/posts\/88746","targetHints":{"allow":["GET"]}}],"collection":[{"href":"https:\/\/www.elsindical.com.ar\/notas\/wp-json\/wp\/v2\/posts"}],"about":[{"href":"https:\/\/www.elsindical.com.ar\/notas\/wp-json\/wp\/v2\/types\/post"}],"author":[{"embeddable":true,"href":"https:\/\/www.elsindical.com.ar\/notas\/wp-json\/wp\/v2\/users\/1"}],"replies":[{"embeddable":true,"href":"https:\/\/www.elsindical.com.ar\/notas\/wp-json\/wp\/v2\/comments?post=88746"}],"version-history":[{"count":2,"href":"https:\/\/www.elsindical.com.ar\/notas\/wp-json\/wp\/v2\/posts\/88746\/revisions"}],"predecessor-version":[{"id":88749,"href":"https:\/\/www.elsindical.com.ar\/notas\/wp-json\/wp\/v2\/posts\/88746\/revisions\/88749"}],"wp:featuredmedia":[{"embeddable":true,"href":"https:\/\/www.elsindical.com.ar\/notas\/wp-json\/wp\/v2\/media\/88747"}],"wp:attachment":[{"href":"https:\/\/www.elsindical.com.ar\/notas\/wp-json\/wp\/v2\/media?parent=88746"}],"wp:term":[{"taxonomy":"category","embeddable":true,"href":"https:\/\/www.elsindical.com.ar\/notas\/wp-json\/wp\/v2\/categories?post=88746"},{"taxonomy":"post_tag","embeddable":true,"href":"https:\/\/www.elsindical.com.ar\/notas\/wp-json\/wp\/v2\/tags?post=88746"}],"curies":[{"name":"wp","href":"https:\/\/api.w.org\/{rel}","templated":true}]}}