{"id":8874,"date":"2010-08-24T14:08:27","date_gmt":"2010-08-24T17:08:27","guid":{"rendered":"http:\/\/www.elsindical.com.ar\/notas\/?p=8874"},"modified":"2010-08-24T14:08:27","modified_gmt":"2010-08-24T17:08:27","slug":"avellanedaidentificaron-al-sicario-que-ingreso-disparando-a-una-fiesta","status":"publish","type":"post","link":"https:\/\/www.elsindical.com.ar\/notas\/avellanedaidentificaron-al-sicario-que-ingreso-disparando-a-una-fiesta\/","title":{"rendered":"Avellaneda:Identificaron al sicario que ingreso disparando a una fiesta"},"content":{"rendered":"<p style=\"text-align: justify;\"><em><a href=\"http:\/\/www.elsindical.com.ar\/notas\/var\/www\/html\/notas\/wp-content\/uploads\/2010\/08\/campobarracasalsur.jpg\"><img loading=\"lazy\" decoding=\"async\" class=\"alignleft size-medium wp-image-8875\" title=\"campobarracasalsur\" src=\"http:\/\/www.elsindical.com.ar\/notas\/var\/www\/html\/notas\/wp-content\/uploads\/2010\/08\/campobarracasalsur-300x197.jpg\" alt=\"\" width=\"300\" height=\"197\" srcset=\"https:\/\/www.elsindical.com.ar\/notas\/var\/www\/html\/notas\/wp-content\/uploads\/2010\/08\/campobarracasalsur-300x197.jpg 300w, https:\/\/www.elsindical.com.ar\/notas\/var\/www\/html\/notas\/wp-content\/uploads\/2010\/08\/campobarracasalsur.jpg 325w\" sizes=\"auto, (max-width: 300px) 100vw, 300px\" \/><\/a>Es un joven de 21 a\u00f1os, que dispar\u00f3 a mansalva mientras 100 personas festejaban en el Club H\u00edpico y de Pato Barracas del Sur, ubicado frente a la cancha de Independiente. Los investigadores esperan por una orden de allanamiento para detener al autor del hecho.<\/em><\/p>\n<p style=\"text-align: justify;\">Un joven de 21 a\u00f1os entr\u00f3 a los tiros a un sal\u00f3n donde se realizaba una fiesta de cumplea\u00f1os en la que hab\u00eda unas cien personas, en un club h\u00edpico de Avellaneda, e hiri\u00f3 a balazos a tres hombres, informaron hoy fuentes policiales.<\/p>\n<p>Los investigadores policiales aseguraron a T\u00e9lam que el agresor huy\u00f3 del lugar pero esta ma\u00f1ana ya hab\u00eda sido identificado en base a las declaraciones de testigos presenciales, y aguardaban las \u00f3rdenes judiciales para realizar allanamientos.<\/p>\n<p>El hecho que se conoci\u00f3 hoy ocurri\u00f3 la noche del s\u00e1bado pasado en un sal\u00f3n donde funcionan las parrillas del Club H\u00edpico y de Pato \u00abBarracas del Sur\u00bb, ubicado sobre la avenida Alsina, frente a la cancha de Independiente, en Avellaneda.<\/p>\n<p>Seg\u00fan los investigadores, en el lugar se hallaban unas cien personas que participaban de una fiesta de cumplea\u00f1os.<\/p>\n<p>De acuerdo al relato de los pesquisas, un joven se acerc\u00f3 al lugar e ingres\u00f3 a la fuerza, y una vez adentro extrajo un arma de fuego y efectu\u00f3 al menos tres balazos que provocaron heridas a tres de los asistentes al cumplea\u00f1os.<\/p>\n<p>Un jefe policial asegur\u00f3 a T\u00e9lam que la principal sospecha apunta a que \u00abel agresor ten\u00eda problemas con un hombre que se hallaba dentro de la fiesta y fue a \u00e9l a quien fue a buscar\u00bb.<\/p>\n<p>Los heridos fueron trasladados a un centro asistencial de la zona y, seg\u00fan el jefe policial consultado, ninguno de ellos reviste gravedad.<\/p>\n<p>En tanto, el agresor huy\u00f3 del lugar y esta ma\u00f1ana era intensamente buscado por la polic\u00eda que ya logr\u00f3 identificarlo.<\/p>\n","protected":false},"excerpt":{"rendered":"<p>Es un joven de 21 a\u00f1os, que dispar\u00f3 a mansalva mientras 100 personas festejaban en el Club H\u00edpico y de Pato Barracas del Sur, ubicado frente a la cancha de Independiente. Los investigadores esperan por una orden de allanamiento para detener al autor del hecho. Un joven de 21 a\u00f1os entr\u00f3 a los tiros a&hellip;<\/p>\n","protected":false},"author":1,"featured_media":0,"comment_status":"open","ping_status":"open","sticky":false,"template":"","format":"standard","meta":{"footnotes":""},"categories":[22],"tags":[],"class_list":["post-8874","post","type-post","status-publish","format-standard","hentry","category-policiales"],"_links":{"self":[{"href":"https:\/\/www.elsindical.com.ar\/notas\/wp-json\/wp\/v2\/posts\/8874","targetHints":{"allow":["GET"]}}],"collection":[{"href":"https:\/\/www.elsindical.com.ar\/notas\/wp-json\/wp\/v2\/posts"}],"about":[{"href":"https:\/\/www.elsindical.com.ar\/notas\/wp-json\/wp\/v2\/types\/post"}],"author":[{"embeddable":true,"href":"https:\/\/www.elsindical.com.ar\/notas\/wp-json\/wp\/v2\/users\/1"}],"replies":[{"embeddable":true,"href":"https:\/\/www.elsindical.com.ar\/notas\/wp-json\/wp\/v2\/comments?post=8874"}],"version-history":[{"count":1,"href":"https:\/\/www.elsindical.com.ar\/notas\/wp-json\/wp\/v2\/posts\/8874\/revisions"}],"predecessor-version":[{"id":8876,"href":"https:\/\/www.elsindical.com.ar\/notas\/wp-json\/wp\/v2\/posts\/8874\/revisions\/8876"}],"wp:attachment":[{"href":"https:\/\/www.elsindical.com.ar\/notas\/wp-json\/wp\/v2\/media?parent=8874"}],"wp:term":[{"taxonomy":"category","embeddable":true,"href":"https:\/\/www.elsindical.com.ar\/notas\/wp-json\/wp\/v2\/categories?post=8874"},{"taxonomy":"post_tag","embeddable":true,"href":"https:\/\/www.elsindical.com.ar\/notas\/wp-json\/wp\/v2\/tags?post=8874"}],"curies":[{"name":"wp","href":"https:\/\/api.w.org\/{rel}","templated":true}]}}