{"id":88730,"date":"2019-07-22T11:35:06","date_gmt":"2019-07-22T14:35:06","guid":{"rendered":"http:\/\/www.elsindical.com.ar\/notas\/?p=88730"},"modified":"2019-07-22T11:36:25","modified_gmt":"2019-07-22T14:36:25","slug":"se-despide-diario-sobre-diarios-y-se-siguen-apagando-voces-en-argentina","status":"publish","type":"post","link":"https:\/\/www.elsindical.com.ar\/notas\/se-despide-diario-sobre-diarios-y-se-siguen-apagando-voces-en-argentina\/","title":{"rendered":"Se despide Diario sobre Diarios y se siguen apagando voces en Argentina"},"content":{"rendered":"\n<figure class=\"wp-block-image\"><img loading=\"lazy\" decoding=\"async\" width=\"997\" height=\"514\" src=\"http:\/\/www.elsindical.com.ar\/notas\/var\/www\/html\/notas\/wp-content\/uploads\/2019\/07\/DsD-despedida.jpg\" alt=\"\" class=\"wp-image-88731\" srcset=\"https:\/\/www.elsindical.com.ar\/notas\/var\/www\/html\/notas\/wp-content\/uploads\/2019\/07\/DsD-despedida.jpg 997w, https:\/\/www.elsindical.com.ar\/notas\/var\/www\/html\/notas\/wp-content\/uploads\/2019\/07\/DsD-despedida-300x155.jpg 300w, https:\/\/www.elsindical.com.ar\/notas\/var\/www\/html\/notas\/wp-content\/uploads\/2019\/07\/DsD-despedida-768x396.jpg 768w, https:\/\/www.elsindical.com.ar\/notas\/var\/www\/html\/notas\/wp-content\/uploads\/2019\/07\/DsD-despedida-500x258.jpg 500w\" sizes=\"auto, (max-width: 997px) 100vw, 997px\" \/><\/figure>\n\n\n\n<p> El medio, con 18 a\u00f1os de vida, anunci\u00f3 que hoy  dejar\u00e1 de salir. Era un aporte clave para entender la comunicaci\u00f3n y el  comportamiento de los medios. \u00abLa crisis presente hace imposible que una  Pyme que tuvo momentos importantes, pueda mantenerse en pie\u00bb,  se\u00f1alaron. <\/p>\n\n\n\n<p>La de hoy es la \u00faltima jornada de Diario Sobre Diario, un medio que \nse dedic\u00f3 en las \u00faltimas dos d\u00e9cadas a explicar c\u00f3mo los medios de \ncomunicaci\u00f3n editaban sus noticias, c\u00f3mo se privilegiaban ejes y temas y\n c\u00f3mo se distribu\u00eda el mapa de empresas en el pa\u00eds. Incluso su \ntradicional mapa de medios se hab\u00eda convertido en un pilar para entender\n la concentraci\u00f3n de la informaci\u00f3n en Argentina.<\/p>\n\n\n\n<p>Con una  edutorial que se titula \u00abDsD se despide, hasta siempre!\u00bb, el portal  comunica su decisi\u00f3n. \u00abDesde hoy, 22\/07\/2019, Diario sobre Diarios deja  de editarse,<strong> fue un proyecto con casi dieciocho a\u00f1os donde se  intent\u00f3 analizar los medios de comunicaci\u00f3n que circulaban a nivel  nacional y esclarecer las diferencias entre las formas en que \u00e9stos  editaron sus agendas durante esta larga y conflictiva etapa de los  argentinos\u00bb,<\/strong> explicaron.<\/p>\n\n\n\n<p>En lo que ser\u00e1 su \u00faltima publicaci\u00f3n, explican los motivos de la determinaci\u00f3n: <strong>\u00abLa\n crisis presente hace imposible que una Pyme que tuvo momentos \nimportantes, pueda mantenerse en pie y continuar con su trabajo.<\/strong>\n Agradecemos a cada periodista y a cada comunicador que pas\u00f3 por nuestra\n redacci\u00f3n, y a todos los que colaboraron con esfuerzo y dedicaci\u00f3n con \nnosotros\u00bb.<\/p>\n\n\n\n<p>\u00abUna abrazo enorme para los que durante tantos a\u00f1os \ncomenzaron cada d\u00eda arm\u00e1ndose una idea de como editaban los medios en \nnuestro sitio e incluso a los que lo utilizaron como herramienta para \ndesarrollar su actividad. Gracias, sinceramente gracias! | 23:53\u00bb, se \ndespiden.<\/p>\n\n\n\n<p>El cierre de Diario sobre Diarios constituye un paso m\u00e1s\n en el constante apag\u00f3n de voces que ya cuenta con la baja de diarios, \nportales, radios y agencias de noticias.<\/p>\n","protected":false},"excerpt":{"rendered":"<p>El medio, con 18 a\u00f1os de vida, anunci\u00f3 que hoy dejar\u00e1 de salir. Era un aporte clave para entender la comunicaci\u00f3n y el comportamiento de los medios. \u00abLa crisis presente hace imposible que una Pyme que tuvo momentos importantes, pueda mantenerse en pie\u00bb, se\u00f1alaron. La de hoy es la \u00faltima jornada de Diario Sobre Diario,&hellip;<\/p>\n","protected":false},"author":1,"featured_media":88731,"comment_status":"open","ping_status":"open","sticky":false,"template":"","format":"standard","meta":{"footnotes":""},"categories":[28],"tags":[390,31312,16865],"class_list":["post-88730","post","type-post","status-publish","format-standard","has-post-thumbnail","hentry","category-empresariales","tag-crisis","tag-dsd","tag-pyme"],"_links":{"self":[{"href":"https:\/\/www.elsindical.com.ar\/notas\/wp-json\/wp\/v2\/posts\/88730","targetHints":{"allow":["GET"]}}],"collection":[{"href":"https:\/\/www.elsindical.com.ar\/notas\/wp-json\/wp\/v2\/posts"}],"about":[{"href":"https:\/\/www.elsindical.com.ar\/notas\/wp-json\/wp\/v2\/types\/post"}],"author":[{"embeddable":true,"href":"https:\/\/www.elsindical.com.ar\/notas\/wp-json\/wp\/v2\/users\/1"}],"replies":[{"embeddable":true,"href":"https:\/\/www.elsindical.com.ar\/notas\/wp-json\/wp\/v2\/comments?post=88730"}],"version-history":[{"count":2,"href":"https:\/\/www.elsindical.com.ar\/notas\/wp-json\/wp\/v2\/posts\/88730\/revisions"}],"predecessor-version":[{"id":88733,"href":"https:\/\/www.elsindical.com.ar\/notas\/wp-json\/wp\/v2\/posts\/88730\/revisions\/88733"}],"wp:featuredmedia":[{"embeddable":true,"href":"https:\/\/www.elsindical.com.ar\/notas\/wp-json\/wp\/v2\/media\/88731"}],"wp:attachment":[{"href":"https:\/\/www.elsindical.com.ar\/notas\/wp-json\/wp\/v2\/media?parent=88730"}],"wp:term":[{"taxonomy":"category","embeddable":true,"href":"https:\/\/www.elsindical.com.ar\/notas\/wp-json\/wp\/v2\/categories?post=88730"},{"taxonomy":"post_tag","embeddable":true,"href":"https:\/\/www.elsindical.com.ar\/notas\/wp-json\/wp\/v2\/tags?post=88730"}],"curies":[{"name":"wp","href":"https:\/\/api.w.org\/{rel}","templated":true}]}}