{"id":88665,"date":"2019-07-19T15:16:49","date_gmt":"2019-07-19T18:16:49","guid":{"rendered":"http:\/\/www.elsindical.com.ar\/notas\/?p=88665"},"modified":"2019-07-19T15:16:49","modified_gmt":"2019-07-19T18:16:49","slug":"dictaron-prision-preventiva-para-conductor-que-manejaba-borracho-y-atropello-a-ciclista","status":"publish","type":"post","link":"https:\/\/www.elsindical.com.ar\/notas\/dictaron-prision-preventiva-para-conductor-que-manejaba-borracho-y-atropello-a-ciclista\/","title":{"rendered":"Dictaron prisi\u00f3n preventiva para conductor que manejaba borracho y atropello a ciclista"},"content":{"rendered":"\n<figure class=\"wp-block-image\"><img loading=\"lazy\" decoding=\"async\" width=\"810\" height=\"450\" src=\"http:\/\/www.elsindical.com.ar\/notas\/var\/www\/html\/notas\/wp-content\/uploads\/2019\/07\/ciclista-atropellado.jpg\" alt=\"\" class=\"wp-image-88666\" srcset=\"https:\/\/www.elsindical.com.ar\/notas\/var\/www\/html\/notas\/wp-content\/uploads\/2019\/07\/ciclista-atropellado.jpg 810w, https:\/\/www.elsindical.com.ar\/notas\/var\/www\/html\/notas\/wp-content\/uploads\/2019\/07\/ciclista-atropellado-300x167.jpg 300w, https:\/\/www.elsindical.com.ar\/notas\/var\/www\/html\/notas\/wp-content\/uploads\/2019\/07\/ciclista-atropellado-768x427.jpg 768w, https:\/\/www.elsindical.com.ar\/notas\/var\/www\/html\/notas\/wp-content\/uploads\/2019\/07\/ciclista-atropellado-500x278.jpg 500w\" sizes=\"auto, (max-width: 810px) 100vw, 810px\" \/><\/figure>\n\n\n\n<p> Fue ordenada por el  juez Juan Jos\u00e9 Cavallari. Miguel Ivanovich podr\u00eda ser condenado a hasta  siete a\u00f1os de c\u00e1rcel. El ciclista est\u00e1 \u00abmuy comprometido\u00bb, dijo el  director m\u00e9dico del Sanatorio Finochietto. <\/p>\n\n\n\n<p>El juez Juan Jos\u00e9 Cavallari resolvi\u00f3 dictar la prisi\u00f3n preventiva y procesamiento a Miguel Ivanovich, el <strong>conductor borracho<\/strong> que <strong>atropell\u00f3 a un ciclista en el barrio de Villa Devoto<\/strong>. La medida hab\u00eda sido solicitada por la fiscal del caso que tem\u00eda que el acusado \u00abse evada, que se profugue\u00bb.<\/p>\n\n\n\n<p>La fiscal <strong>Graciela Bellavigna <\/strong>dijo que analizaba \npedir hasta cinco a\u00f1os de prisi\u00f3n para Miguel Ivanovich, el conductor \nque en estado de ebriedad atropell\u00f3 en la madrugada del mi\u00e9rcoles a un \nciclista en el barrio porte\u00f1o de Agronom\u00eda, cuando se realice el juicio,\n y asegur\u00f3 que el hombre ten\u00eda la licencia de conducir vencida.<\/p>\n\n\n\n<p>\u00abTen\u00eda 2,14 gramos de alcohol en sangre, declar\u00f3 ayer que volv\u00eda de  tomar tres porrones de cerveza con amigos y tiene una licencia vencida y  otra de la provincia de C\u00f3rdoba que estoy averiguando si fue otorgada  de forma correcta\u00bb, <strong>afirm\u00f3 a periodistas Bellavigna<\/strong>, de la fiscal\u00eda Penal Contravencional y de Faltas 6 de la ciudad de Buenos Aires.<\/p>\n\n\n\n<p>La fiscal<strong> justific\u00f3 la posibilidad de pedir hasta cinco a\u00f1os \nde c\u00e1rcel para Ivanovich por evaluar que se juntan las penas por \nlesiones graves<\/strong> por el atropellamiento desde atr\u00e1s del ciclista\n Sebasti\u00e1n Devoto, de 35 a\u00f1os, quien est\u00e1 en coma inducido y con alto \nriesgo de vida en el Sanatorio Finochietto, y las lesiones leves por el \nchoque posterior con un auto.<\/p>\n\n\n\n<p>Hasta el momento, <strong>Bellavigna pidi\u00f3 la prisi\u00f3n preventiva de Ivanovich<\/strong>, que ser\u00e1 resuelta por la justicia esta tarde, y espera que el caso llegue r\u00e1pido a juicio.<\/p>\n\n\n\n<p>\u00abHay que ser severos con este tema, no pueden conducir alcoholizados porque un auto es un arma\u00bb, hab\u00eda dicho ayer la fiscal.<\/p>\n\n\n\n<p>Devoto se desplazaba en la madrugada del mi\u00e9rcoles por la Avenida \nBeir\u00f3 3700 en su bicicleta cuando fue embestido desde atr\u00e1s por un \nVolkswagen (VW) Gol de color gris, que conduc\u00eda Ivanovich, quien se \nfug\u00f3, y minutos despu\u00e9s choc\u00f3 a otro autom\u00f3vil en las avenidas Beir\u00f3 y \nNazca, a siete cuadras del incidente previo.<\/p>\n\n\n\n<p>All\u00ed <strong>fue detenido por personal de la Comisar\u00eda Vecinal 15-C<\/strong>,\n quien le realiz\u00f3 un test de alcoholemia que report\u00f3 que ten\u00eda 2,14 \ngramos de alcohol por litro de sangre, cuando lo permitido es 0,5.&nbsp;<\/p>\n","protected":false},"excerpt":{"rendered":"<p>Fue ordenada por el juez Juan Jos\u00e9 Cavallari. Miguel Ivanovich podr\u00eda ser condenado a hasta siete a\u00f1os de c\u00e1rcel. El ciclista est\u00e1 \u00abmuy comprometido\u00bb, dijo el director m\u00e9dico del Sanatorio Finochietto. El juez Juan Jos\u00e9 Cavallari resolvi\u00f3 dictar la prisi\u00f3n preventiva y procesamiento a Miguel Ivanovich, el conductor borracho que atropell\u00f3 a un ciclista en&hellip;<\/p>\n","protected":false},"author":1,"featured_media":88666,"comment_status":"open","ping_status":"open","sticky":false,"template":"","format":"standard","meta":{"footnotes":""},"categories":[20],"tags":[],"class_list":["post-88665","post","type-post","status-publish","format-standard","has-post-thumbnail","hentry","category-judiciales"],"_links":{"self":[{"href":"https:\/\/www.elsindical.com.ar\/notas\/wp-json\/wp\/v2\/posts\/88665","targetHints":{"allow":["GET"]}}],"collection":[{"href":"https:\/\/www.elsindical.com.ar\/notas\/wp-json\/wp\/v2\/posts"}],"about":[{"href":"https:\/\/www.elsindical.com.ar\/notas\/wp-json\/wp\/v2\/types\/post"}],"author":[{"embeddable":true,"href":"https:\/\/www.elsindical.com.ar\/notas\/wp-json\/wp\/v2\/users\/1"}],"replies":[{"embeddable":true,"href":"https:\/\/www.elsindical.com.ar\/notas\/wp-json\/wp\/v2\/comments?post=88665"}],"version-history":[{"count":1,"href":"https:\/\/www.elsindical.com.ar\/notas\/wp-json\/wp\/v2\/posts\/88665\/revisions"}],"predecessor-version":[{"id":88667,"href":"https:\/\/www.elsindical.com.ar\/notas\/wp-json\/wp\/v2\/posts\/88665\/revisions\/88667"}],"wp:featuredmedia":[{"embeddable":true,"href":"https:\/\/www.elsindical.com.ar\/notas\/wp-json\/wp\/v2\/media\/88666"}],"wp:attachment":[{"href":"https:\/\/www.elsindical.com.ar\/notas\/wp-json\/wp\/v2\/media?parent=88665"}],"wp:term":[{"taxonomy":"category","embeddable":true,"href":"https:\/\/www.elsindical.com.ar\/notas\/wp-json\/wp\/v2\/categories?post=88665"},{"taxonomy":"post_tag","embeddable":true,"href":"https:\/\/www.elsindical.com.ar\/notas\/wp-json\/wp\/v2\/tags?post=88665"}],"curies":[{"name":"wp","href":"https:\/\/api.w.org\/{rel}","templated":true}]}}