{"id":88598,"date":"2019-07-16T10:09:06","date_gmt":"2019-07-16T13:09:06","guid":{"rendered":"http:\/\/www.elsindical.com.ar\/notas\/?p=88598"},"modified":"2019-07-16T10:09:06","modified_gmt":"2019-07-16T13:09:06","slug":"fuerte-cruce-entre-vidal-y-el-presidente-de-la-corte-bonaerense-por-supuestas-causas-armadas","status":"publish","type":"post","link":"https:\/\/www.elsindical.com.ar\/notas\/fuerte-cruce-entre-vidal-y-el-presidente-de-la-corte-bonaerense-por-supuestas-causas-armadas\/","title":{"rendered":"Fuerte cruce entre Vidal y el presidente de la Corte bonaerense por supuestas \u00abcausas armadas\u00bb"},"content":{"rendered":"\n<figure class=\"wp-block-image\"><img loading=\"lazy\" decoding=\"async\" width=\"1024\" height=\"533\" src=\"http:\/\/www.elsindical.com.ar\/notas\/var\/www\/html\/notas\/wp-content\/uploads\/2019\/07\/Mar\u00eda-Eugenia-Vidal-rostro-costado-1024x533.jpg\" alt=\"\" class=\"wp-image-88599\" srcset=\"https:\/\/www.elsindical.com.ar\/notas\/var\/www\/html\/notas\/wp-content\/uploads\/2019\/07\/Mar\u00eda-Eugenia-Vidal-rostro-costado-1024x533.jpg 1024w, https:\/\/www.elsindical.com.ar\/notas\/var\/www\/html\/notas\/wp-content\/uploads\/2019\/07\/Mar\u00eda-Eugenia-Vidal-rostro-costado-300x156.jpg 300w, https:\/\/www.elsindical.com.ar\/notas\/var\/www\/html\/notas\/wp-content\/uploads\/2019\/07\/Mar\u00eda-Eugenia-Vidal-rostro-costado-768x399.jpg 768w, https:\/\/www.elsindical.com.ar\/notas\/var\/www\/html\/notas\/wp-content\/uploads\/2019\/07\/Mar\u00eda-Eugenia-Vidal-rostro-costado-500x260.jpg 500w, https:\/\/www.elsindical.com.ar\/notas\/var\/www\/html\/notas\/wp-content\/uploads\/2019\/07\/Mar\u00eda-Eugenia-Vidal-rostro-costado.jpg 1044w\" sizes=\"auto, (max-width: 1024px) 100vw, 1024px\" \/><\/figure>\n\n\n\n<p class=\"wp-block-paragraph\"> De Lazzari hab\u00eda  advertido sobre el \u00ababuso del proceso penal\u00bb. La gobernadora le  respondi\u00f3: \u00abSi conoce alg\u00fan delito debe denunciarlo\u00bb. <\/p>\n\n\n\n<p class=\"wp-block-paragraph\">A menos de un mes de las PASO, la gobernadora bonaerense Mar\u00eda Eugenia<strong>\n Vidal y el presidente de la Suprema Corte de la Provincia Eduardo De \nL\u00e1zzari protagonizaron un cruce por supuestas irregularidades en la \nJusticia.<\/strong><\/p>\n\n\n\n<p class=\"wp-block-paragraph\">Todo comenz\u00f3 cuando d\u00edas atr\u00e1s, el presidente de la Corte sostuvo que\n en los tribunales federales se estaban dando situaciones \u00abde abuso del \nproceso judicial penal\u00bb.<\/p>\n\n\n\n<p class=\"wp-block-paragraph\">\u00abEstoy hablando de causas armadas artificialmente; de abusos de  testigos de identidad reservada; de arrepentidos; de factores de presi\u00f3n  que inducen, fomentados por ciertos medios de prensa a dictar condenas  medi\u00e1ticas, y que llevan a un panorama sinceramente deplorable, en donde  act\u00faan influyentes de todo tipo, esp\u00edas, traficantes de escuchas  telef\u00f3nicas, con ciertas complicidades de algunos magistrados\u201d, sostuvo  frente a sus colegas.<\/p>\n\n\n\n<p class=\"wp-block-paragraph\">Las&nbsp;declaraciones no pasaron desapercibidas y dos d\u00edas despu\u00e9s <strong>la\n gobernadora sali\u00f3 a responderle: \u00abSi el presidente de la Suprema Corte \ncree que hay causas armadas o persecuciones est\u00e1 obligado a denunciarlo.<\/strong> Uno tiene que ser consecuente con lo que dice en la acci\u00f3n judicial\u00bb.<\/p>\n\n\n\n<p class=\"wp-block-paragraph\">Tras la respuesta, desde la presidencia de la Suprema Corte \nbonaerense se difundi\u00f3 este lunes un comunicado para aclarar los dichos \nde De L\u00e1zzari&nbsp;donde detallaron que el magistrado \u00abadvirti\u00f3 que \ncomenzaban a registrarse situaciones conflictivas en la Provincia, a \nsemejanza de lo que es conocido en la \u00f3rbita federal en donde se est\u00e1 \nsustanciando una trascendente causa en el Juzgado Federal de Dolores, \ncon intervenci\u00f3n de la C\u00e1mara Federal de Apelaciones de Mar del Plata y \ndel Tribunal de Casaci\u00f3n Penal\u00bb.<\/p>\n\n\n\n<p class=\"wp-block-paragraph\">\u00abNo particulariz\u00f3 los casos en sede provincial por la reserva que \nimpone el estado de las respectivas actuaciones\u00bb, argumentaron en el \nescrito.<\/p>\n\n\n\n<p class=\"wp-block-paragraph\">En ese marco, en el comunicado se\u00f1alaron que el presidente de la \nCorte hab\u00eda hecho menci\u00f3n a otro caso de una causa armada, la cual tiene\n fecha de debate oral para el 26 de agosto.<\/p>\n","protected":false},"excerpt":{"rendered":"<p>De Lazzari hab\u00eda advertido sobre el \u00ababuso del proceso penal\u00bb. La gobernadora le respondi\u00f3: \u00abSi conoce alg\u00fan delito debe denunciarlo\u00bb. A menos de un mes de las PASO, la gobernadora bonaerense Mar\u00eda Eugenia Vidal y el presidente de la Suprema Corte de la Provincia Eduardo De L\u00e1zzari protagonizaron un cruce por supuestas irregularidades en la&hellip;<\/p>\n","protected":false},"author":1,"featured_media":88599,"comment_status":"open","ping_status":"open","sticky":false,"template":"","format":"standard","meta":{"footnotes":""},"categories":[13],"tags":[31257,4621,12862,7265],"class_list":["post-88598","post","type-post","status-publish","format-standard","has-post-thumbnail","hentry","category-politica","tag-causas-armadas","tag-corte-bonaerense","tag-eduardo-de-lazzari","tag-maria-eugenia-vidal"],"_links":{"self":[{"href":"https:\/\/www.elsindical.com.ar\/notas\/wp-json\/wp\/v2\/posts\/88598","targetHints":{"allow":["GET"]}}],"collection":[{"href":"https:\/\/www.elsindical.com.ar\/notas\/wp-json\/wp\/v2\/posts"}],"about":[{"href":"https:\/\/www.elsindical.com.ar\/notas\/wp-json\/wp\/v2\/types\/post"}],"author":[{"embeddable":true,"href":"https:\/\/www.elsindical.com.ar\/notas\/wp-json\/wp\/v2\/users\/1"}],"replies":[{"embeddable":true,"href":"https:\/\/www.elsindical.com.ar\/notas\/wp-json\/wp\/v2\/comments?post=88598"}],"version-history":[{"count":1,"href":"https:\/\/www.elsindical.com.ar\/notas\/wp-json\/wp\/v2\/posts\/88598\/revisions"}],"predecessor-version":[{"id":88600,"href":"https:\/\/www.elsindical.com.ar\/notas\/wp-json\/wp\/v2\/posts\/88598\/revisions\/88600"}],"wp:featuredmedia":[{"embeddable":true,"href":"https:\/\/www.elsindical.com.ar\/notas\/wp-json\/wp\/v2\/media\/88599"}],"wp:attachment":[{"href":"https:\/\/www.elsindical.com.ar\/notas\/wp-json\/wp\/v2\/media?parent=88598"}],"wp:term":[{"taxonomy":"category","embeddable":true,"href":"https:\/\/www.elsindical.com.ar\/notas\/wp-json\/wp\/v2\/categories?post=88598"},{"taxonomy":"post_tag","embeddable":true,"href":"https:\/\/www.elsindical.com.ar\/notas\/wp-json\/wp\/v2\/tags?post=88598"}],"curies":[{"name":"wp","href":"https:\/\/api.w.org\/{rel}","templated":true}]}}