{"id":88556,"date":"2019-07-13T07:40:53","date_gmt":"2019-07-13T10:40:53","guid":{"rendered":"http:\/\/www.elsindical.com.ar\/notas\/?p=88556"},"modified":"2019-07-13T07:40:53","modified_gmt":"2019-07-13T10:40:53","slug":"segun-la-undav-el-precio-de-los-lacteos-aumento-mas-del-80-y-el-consumo-de-leche-cayo-un-121","status":"publish","type":"post","link":"https:\/\/www.elsindical.com.ar\/notas\/segun-la-undav-el-precio-de-los-lacteos-aumento-mas-del-80-y-el-consumo-de-leche-cayo-un-121\/","title":{"rendered":"Seg\u00fan la UNDAV, el precio de los l\u00e1cteos aument\u00f3 m\u00e1s del 80% y el consumo de leche cay\u00f3 un 12,1%"},"content":{"rendered":"\n<figure class=\"wp-block-image\"><img loading=\"lazy\" decoding=\"async\" width=\"640\" height=\"480\" src=\"http:\/\/www.elsindical.com.ar\/notas\/var\/www\/html\/notas\/wp-content\/uploads\/2019\/07\/inflaci\u00f3n-l\u00e1cteos-UNDAV.png\" alt=\"\" class=\"wp-image-88557\" srcset=\"https:\/\/www.elsindical.com.ar\/notas\/var\/www\/html\/notas\/wp-content\/uploads\/2019\/07\/inflaci\u00f3n-l\u00e1cteos-UNDAV.png 640w, https:\/\/www.elsindical.com.ar\/notas\/var\/www\/html\/notas\/wp-content\/uploads\/2019\/07\/inflaci\u00f3n-l\u00e1cteos-UNDAV-300x225.png 300w, https:\/\/www.elsindical.com.ar\/notas\/var\/www\/html\/notas\/wp-content\/uploads\/2019\/07\/inflaci\u00f3n-l\u00e1cteos-UNDAV-400x300.png 400w\" sizes=\"auto, (max-width: 640px) 100vw, 640px\" \/><\/figure>\n\n\n\n<p>El Observatorio de Pol\u00edticas P\u00fablicas de la Universidad Nacional de \nAvellaneda (UNDAV) revel\u00f3 que el aumento de precios en los productos \nl\u00e1cteos alcanz\u00f3 el 80% promedio en el \u00faltimo a\u00f1o y el consumo de leche \nfluida cay\u00f3 un 12,1%.<\/p>\n\n\n\n<p>En el detalle, se observa que para el \u00faltimo a\u00f1o hubo subas del 99,1%\n para el queso cremoso; 87% para la manteca; 85,5% para la leche fresca;\n del 84,4% para el yogur firme; del 81,2% para el dulce de leche; y del \n73,8% para la leche en polvo.<\/p>\n\n\n\n<p>\u201cLas ventas de leche fluida cayeron 12,1%, no solo por la fuerte \np\u00e9rdida de poder adquisitivo que mantuvieron los salarios en este \u00faltimo\n tiempo, sino tambi\u00e9n por el notorio aumento de precios de los l\u00e1cteos\u201d,\n apunta el documento universitario.<\/p>\n\n\n\n<p>El informe elaborado por el equipo de economistas de Econom\u00eda \nUNDAVresalta que, en el primer cuatrimestre de 2019, las ventas de leche\n fluida pasaron de la suma de 427.336 litros a ser de solo 375.727 \nlitros, lo que representa una ca\u00edda del 12,1% interanual, y del 16,3% en\n cuatro a\u00f1os.<\/p>\n\n\n\n<p>En este sentido, el documento indica, en base a datos del \nObservatorio de la cadena L\u00e1ctea Argentina (OCLA), que \u201cpara el 2019 el \nconsumo per c\u00e1pita se ubicar\u00e1 en los 183 litros de leche por habitante \nanual, esto ser\u00eda, el menor consumo per c\u00e1pita desde la crisis econ\u00f3mica\n pol\u00edtica y social de los a\u00f1os 2001-2002\u201d.<\/p>\n\n\n\n<p>En base a datos de la Secretar\u00eda de Agroindustria, el informe \nadvierte una reducci\u00f3n promedio del 16% en el consumo interno de los \ndiferentes productos l\u00e1cteos.<\/p>\n\n\n\n<p>El documento subraya la ca\u00edda interanual de cada producto en \nparticular:-44,6% en leches saborizadas, -29,9% en postres l\u00e1cteos y \nflanes, -18,3% en manteca, -15,5% en yogures y otras leches fermentadas,\n -12,1% en leche fluida, -8,1% en leche en polvo, -6,9% en quesos, -4,8%\n en dulce de leche y -4% en crema.<\/p>\n\n\n\n<p>La relaci\u00f3n interanual entre los primeros 5 meses de 2018 y 2019 \nrefleja una baja en la producci\u00f3n de leche del 6,3%, lo que representa \n254 millones de litros menos y supone una ca\u00edda del 15% comparado con \n2015.<\/p>\n\n\n\n<p>\u201cDesde el cambio de gobierno, la producci\u00f3n de leche promedi\u00f3 los \n847,2 millones de litros mensuales, esto es, 15,7% menos que los \nproducidos durante el 2015 (1.005 millones)\u201d, ampl\u00eda el informe de la \nUNDAV.<\/p>\n\n\n\n<p>Entre el primer trimestre de 2015 y el primer trimestre de 2019, el \nempleo en el sector l\u00e1cteo cay\u00f3 un 7,1% y ya se destruyeron 2.600 \npuestos de trabajo privados.<\/p>\n\n\n\n<p>El empleo en el sector l\u00e1cteo ya acumula 10 meses de ca\u00eddas \ntrimestrales interanuales consecutivas, lo que seg\u00fan el informe se debe a\n \u201cproducci\u00f3n primaria e industrial pr\u00e1cticamente estancada, menores \nventas internas, menores tambos activos y menor cantidad de ganado \ndestinado a esta actividad\u201d.<\/p>\n\n\n\n<p>En el resumen, la variaci\u00f3n interanual de la industria l\u00e1ctea muestra\n ca\u00eddas en la producci\u00f3n (6,3%), ventas (-12,1%), y empleo; s\u00f3lo aument\u00f3\n en sus precios (+81,2%).<\/p>\n","protected":false},"excerpt":{"rendered":"<p>El Observatorio de Pol\u00edticas P\u00fablicas de la Universidad Nacional de Avellaneda (UNDAV) revel\u00f3 que el aumento de precios en los productos l\u00e1cteos alcanz\u00f3 el 80% promedio en el \u00faltimo a\u00f1o y el consumo de leche fluida cay\u00f3 un 12,1%. En el detalle, se observa que para el \u00faltimo a\u00f1o hubo subas del 99,1% para el&hellip;<\/p>\n","protected":false},"author":1,"featured_media":88557,"comment_status":"open","ping_status":"open","sticky":false,"template":"","format":"standard","meta":{"footnotes":""},"categories":[9],"tags":[1118,1754,6114],"class_list":["post-88556","post","type-post","status-publish","format-standard","has-post-thumbnail","hentry","category-economia","tag-alimentos","tag-aumentos","tag-productos"],"_links":{"self":[{"href":"https:\/\/www.elsindical.com.ar\/notas\/wp-json\/wp\/v2\/posts\/88556","targetHints":{"allow":["GET"]}}],"collection":[{"href":"https:\/\/www.elsindical.com.ar\/notas\/wp-json\/wp\/v2\/posts"}],"about":[{"href":"https:\/\/www.elsindical.com.ar\/notas\/wp-json\/wp\/v2\/types\/post"}],"author":[{"embeddable":true,"href":"https:\/\/www.elsindical.com.ar\/notas\/wp-json\/wp\/v2\/users\/1"}],"replies":[{"embeddable":true,"href":"https:\/\/www.elsindical.com.ar\/notas\/wp-json\/wp\/v2\/comments?post=88556"}],"version-history":[{"count":1,"href":"https:\/\/www.elsindical.com.ar\/notas\/wp-json\/wp\/v2\/posts\/88556\/revisions"}],"predecessor-version":[{"id":88558,"href":"https:\/\/www.elsindical.com.ar\/notas\/wp-json\/wp\/v2\/posts\/88556\/revisions\/88558"}],"wp:featuredmedia":[{"embeddable":true,"href":"https:\/\/www.elsindical.com.ar\/notas\/wp-json\/wp\/v2\/media\/88557"}],"wp:attachment":[{"href":"https:\/\/www.elsindical.com.ar\/notas\/wp-json\/wp\/v2\/media?parent=88556"}],"wp:term":[{"taxonomy":"category","embeddable":true,"href":"https:\/\/www.elsindical.com.ar\/notas\/wp-json\/wp\/v2\/categories?post=88556"},{"taxonomy":"post_tag","embeddable":true,"href":"https:\/\/www.elsindical.com.ar\/notas\/wp-json\/wp\/v2\/tags?post=88556"}],"curies":[{"name":"wp","href":"https:\/\/api.w.org\/{rel}","templated":true}]}}