{"id":88522,"date":"2019-07-12T11:20:26","date_gmt":"2019-07-12T14:20:26","guid":{"rendered":"http:\/\/www.elsindical.com.ar\/notas\/?p=88522"},"modified":"2019-07-12T11:20:26","modified_gmt":"2019-07-12T14:20:26","slug":"entrevistado-por-fm-99-9-mar-del-plata","status":"publish","type":"post","link":"https:\/\/www.elsindical.com.ar\/notas\/entrevistado-por-fm-99-9-mar-del-plata\/","title":{"rendered":"Entrevistado por FM 99.9 Mar del Plata"},"content":{"rendered":"\n<figure class=\"wp-block-image\"><img loading=\"lazy\" decoding=\"async\" width=\"640\" height=\"640\" src=\"http:\/\/www.elsindical.com.ar\/notas\/var\/www\/html\/notas\/wp-content\/uploads\/2019\/07\/Radio-Mar-del-Plata.jpg\" alt=\"\" class=\"wp-image-88523\" srcset=\"https:\/\/www.elsindical.com.ar\/notas\/var\/www\/html\/notas\/wp-content\/uploads\/2019\/07\/Radio-Mar-del-Plata.jpg 640w, https:\/\/www.elsindical.com.ar\/notas\/var\/www\/html\/notas\/wp-content\/uploads\/2019\/07\/Radio-Mar-del-Plata-150x150.jpg 150w, https:\/\/www.elsindical.com.ar\/notas\/var\/www\/html\/notas\/wp-content\/uploads\/2019\/07\/Radio-Mar-del-Plata-300x300.jpg 300w, https:\/\/www.elsindical.com.ar\/notas\/var\/www\/html\/notas\/wp-content\/uploads\/2019\/07\/Radio-Mar-del-Plata-50x50.jpg 50w\" sizes=\"auto, (max-width: 640px) 100vw, 640px\" \/><\/figure>\n\n\n\n<p class=\"wp-block-paragraph\"> Empec\u00e9 la ma\u00f1ana con entrevista period\u00edstica de los colegas de FM 99.9  Mar del Plata sobre nota en Diario El Sindical respecto del patrimonio  injustificable del secretario de Medios Mariano Mohadeb y sus acciones  para silenciar medios, irregularidades de un cercano allegado a Mar\u00eda  Eugenia Vidal, que demuestra lo mercenario que se han transformado los  medios y la corrupci\u00f3n de algunos funcionarios que no tienen l\u00edmites.<\/p>\n\n\n\n<p class=\"wp-block-paragraph\">#FM99.9 #MardelPlata #entrevista #MarianoMohadeb #Panam\u00e1Papers #corrupci\u00f3n #RealPolitik <\/p>\n\n\n\n<iframe id='audio_38360306' frameborder='0' allowfullscreen='' scrolling='no' height='200' style='border:1px solid #EEE; box-sizing:border-box; width:100%;' src=\"https:\/\/ar.ivoox.com\/es\/player_ej_38360306_4_1.html?c1=ff6600\"><\/iframe>\n","protected":false},"excerpt":{"rendered":"<p>Empec\u00e9 la ma\u00f1ana con entrevista period\u00edstica de los colegas de FM 99.9 Mar del Plata sobre nota en Diario El Sindical respecto del patrimonio injustificable del secretario de Medios Mariano Mohadeb y sus acciones para silenciar medios, irregularidades de un cercano allegado a Mar\u00eda Eugenia Vidal, que demuestra lo mercenario que se han transformado los&hellip;<\/p>\n","protected":false},"author":1,"featured_media":88523,"comment_status":"open","ping_status":"open","sticky":false,"template":"","format":"standard","meta":{"footnotes":""},"categories":[21],"tags":[2450,1882,31266,24165],"class_list":["post-88522","post","type-post","status-publish","format-standard","has-post-thumbnail","hentry","category-opinion","tag-diario-el-sindical","tag-entrevista","tag-fm-99-9-mar-del-plata","tag-mariano-mohadeb"],"_links":{"self":[{"href":"https:\/\/www.elsindical.com.ar\/notas\/wp-json\/wp\/v2\/posts\/88522","targetHints":{"allow":["GET"]}}],"collection":[{"href":"https:\/\/www.elsindical.com.ar\/notas\/wp-json\/wp\/v2\/posts"}],"about":[{"href":"https:\/\/www.elsindical.com.ar\/notas\/wp-json\/wp\/v2\/types\/post"}],"author":[{"embeddable":true,"href":"https:\/\/www.elsindical.com.ar\/notas\/wp-json\/wp\/v2\/users\/1"}],"replies":[{"embeddable":true,"href":"https:\/\/www.elsindical.com.ar\/notas\/wp-json\/wp\/v2\/comments?post=88522"}],"version-history":[{"count":1,"href":"https:\/\/www.elsindical.com.ar\/notas\/wp-json\/wp\/v2\/posts\/88522\/revisions"}],"predecessor-version":[{"id":88524,"href":"https:\/\/www.elsindical.com.ar\/notas\/wp-json\/wp\/v2\/posts\/88522\/revisions\/88524"}],"wp:featuredmedia":[{"embeddable":true,"href":"https:\/\/www.elsindical.com.ar\/notas\/wp-json\/wp\/v2\/media\/88523"}],"wp:attachment":[{"href":"https:\/\/www.elsindical.com.ar\/notas\/wp-json\/wp\/v2\/media?parent=88522"}],"wp:term":[{"taxonomy":"category","embeddable":true,"href":"https:\/\/www.elsindical.com.ar\/notas\/wp-json\/wp\/v2\/categories?post=88522"},{"taxonomy":"post_tag","embeddable":true,"href":"https:\/\/www.elsindical.com.ar\/notas\/wp-json\/wp\/v2\/tags?post=88522"}],"curies":[{"name":"wp","href":"https:\/\/api.w.org\/{rel}","templated":true}]}}