{"id":88469,"date":"2019-07-09T23:36:58","date_gmt":"2019-07-10T02:36:58","guid":{"rendered":"http:\/\/www.elsindical.com.ar\/notas\/?p=88469"},"modified":"2019-07-09T23:36:58","modified_gmt":"2019-07-10T02:36:58","slug":"conciliacion-obligatoria-al-somu-y-declaraciones-ofensivas-del-vicepresidente-de-capeca","status":"publish","type":"post","link":"https:\/\/www.elsindical.com.ar\/notas\/conciliacion-obligatoria-al-somu-y-declaraciones-ofensivas-del-vicepresidente-de-capeca\/","title":{"rendered":"Conciliaci\u00f3n obligatoria al SOMU y declaraciones ofensivas del Vicepresidente de CAPECA"},"content":{"rendered":"\n<figure class=\"wp-block-image\"><img loading=\"lazy\" decoding=\"async\" width=\"760\" height=\"506\" src=\"http:\/\/www.elsindical.com.ar\/notas\/var\/www\/html\/notas\/wp-content\/uploads\/2019\/07\/vicepresidente-de-CAPECA-declaraciones.jpg\" alt=\"\" class=\"wp-image-88470\" srcset=\"https:\/\/www.elsindical.com.ar\/notas\/var\/www\/html\/notas\/wp-content\/uploads\/2019\/07\/vicepresidente-de-CAPECA-declaraciones.jpg 760w, https:\/\/www.elsindical.com.ar\/notas\/var\/www\/html\/notas\/wp-content\/uploads\/2019\/07\/vicepresidente-de-CAPECA-declaraciones-300x200.jpg 300w, https:\/\/www.elsindical.com.ar\/notas\/var\/www\/html\/notas\/wp-content\/uploads\/2019\/07\/vicepresidente-de-CAPECA-declaraciones-451x300.jpg 451w\" sizes=\"auto, (max-width: 760px) 100vw, 760px\" \/><\/figure>\n\n\n\n<p>Se est\u00e1 en medio de negociaciones  paritarias. El gremio decret\u00f3 un paro por falta de acuerdo y el mismo  d\u00eda Secretar\u00eda de Trabajo suspendi\u00f3 la medida por cinco d\u00edas. En medio  de ese clima, Claudio Guida trat\u00f3 de semianalfabetos a los marineros y  fue repudiado por el SOMU, organizaciones sociales y los propios  marineros.<\/p>\n\n\n\n<p>El SOMU decret\u00f3 un paro por tiempo\n indeterminado el viernes pasado en la flota congeladora, al no llegarse\n a un acuerdo sobre el aumento del sueldo b\u00e1sico. La Secretar\u00eda de \nTrabajo, ante la solicitud de CAPIP, CAPECA y CEPA, dict\u00f3 la \nconciliaci\u00f3n obligatoria por cinco d\u00edas y cit\u00f3 a las partes a una nueva \nreuni\u00f3n para el 15 de julio. En medio de un clima de negociaci\u00f3n que \ncomenz\u00f3 a tensarse, el vicepresidente de la c\u00e1mara de congeladores, \nClaudio Guida, a trav\u00e9s de su cuenta de Twitter trat\u00f3 de semianalfabetos\n a los marineros. El acto fue repudiado inmediatamente por el gremio y \nlos trabajadores.<\/p>\n\n\n\n<p>\u201cY si te cuento que hay un paro por tiempo indeterminado de marineros\n semi analfabetos que por pescar langostino ganan mucho m\u00e1s que un \npiloto de avi\u00f3n!!! Coincidencia, los dos gremios est\u00e1n con Moyano y son \nK\u201d, public\u00f3 Claudio Guida en su cuenta de Twitter y comparti\u00f3 el mensaje\n al ministro Dante Sica.<\/p>\n\n\n\n<p>El Vicepresidente de CAPECA es parte de las negociaciones paritarias y\n sus dichos ofensivos no solo generaron malestar en el SOMU y en \norganizaciones sociales que r\u00e1pidamente hicieron conocer su repudio sino\n tambi\u00e9n entre sus pares. La C\u00e1mara que representa siempre se manej\u00f3 con\n otro nivel de discusi\u00f3n y sus miembros saben perfectamente que este \ntipo de actos solo pueden perjudicar la relaci\u00f3n con los obreros y los \nsindicatos.<\/p>\n\n\n\n<p>\u201cCon su palabras descalificatorias, agresivas y discriminatorias, \nClaudio Alberto Guida sintetiza el pensamiento de muchos empresarios, \ndej\u00e1ndonos ver su total desprecio por los trabajadores mar\u00edtimos que \ngracias a su sacrificio en el mar les permiten enriquecerse y hacer \npol\u00edtica. Sus palabras no fluyen solo por ignorancia. Representa el odio\n de clase de ciertos empresarios de este gobierno contra los derechos \nlaborales de los trabajadores\u201d, public\u00f3 r\u00e1pidamente Juventud Mar\u00edtima \ndel SOMU.<\/p>\n\n\n\n<p>La captura del tweet de Claudio Guida circul\u00f3 por todos lados: \nllamarlos semianalfabetos fue una ofensa y en las redes sociales los \nmarineros mostraron su bronca. Se visibiliz\u00f3 el impacto que las palabras\n del dirigente empresario generaron entre los trabajadores; algunos se \nexpresaron de forma iracunda y otros, con mucho respeto, exigieron un \npedido p\u00fablico de disculpas, empat\u00eda y responsabilidad a la hora de \nhacer p\u00fablicos sus pensamientos.<\/p>\n\n\n\n<p>\u201cEs una falta de respeto que este se\u00f1or tenga ese pensamiento sobre \nnosotros los marineros. Los marineros son los que arriesgan su vida en \nel mar y dejan su familia muchas veces sin un peso, mientras que ustedes\n est\u00e1n de vacaciones o comiendo en un restaurant de primer nivel. \nTendr\u00eda que tener m\u00e1s respeto y pelear para que en la pesca se gane \nbien. Ahora s\u00ed con todo respeto le digo que se suba a un barco pesquero y\n salga a hacer una marea para que piense qu\u00e9 decir cuando est\u00e1 por \nhablar delante un medio de comunicaci\u00f3n\u201d. Ese fue el mensaje de N\u00e9stor \nS\u00e1nchez, uno de los tantos marineros que le contestaron al \nVicepresidente de CAPECA a trav\u00e9s de las redes sociales.<\/p>\n\n\n\n<p>Es deseable que pronto surja de ese sector empresario un pedido de \ndisculpas a los marineros de sus empresas; siendo adem\u00e1s que Capeca ha \nsido hist\u00f3ricamente una c\u00e1mara empresaria que supo tener directivos m\u00e1s \nrespetuosos.<\/p>\n","protected":false},"excerpt":{"rendered":"<p>Se est\u00e1 en medio de negociaciones paritarias. El gremio decret\u00f3 un paro por falta de acuerdo y el mismo d\u00eda Secretar\u00eda de Trabajo suspendi\u00f3 la medida por cinco d\u00edas. En medio de ese clima, Claudio Guida trat\u00f3 de semianalfabetos a los marineros y fue repudiado por el SOMU, organizaciones sociales y los propios marineros. El&hellip;<\/p>\n","protected":false},"author":1,"featured_media":88470,"comment_status":"open","ping_status":"open","sticky":false,"template":"","format":"standard","meta":{"footnotes":""},"categories":[16],"tags":[31247,24898,31248,31249,3219],"class_list":["post-88469","post","type-post","status-publish","format-standard","has-post-thumbnail","hentry","category-gremiales","tag-capeca","tag-cepa","tag-claudio-guida","tag-secretaria-de-trabajo-2","tag-somu"],"_links":{"self":[{"href":"https:\/\/www.elsindical.com.ar\/notas\/wp-json\/wp\/v2\/posts\/88469","targetHints":{"allow":["GET"]}}],"collection":[{"href":"https:\/\/www.elsindical.com.ar\/notas\/wp-json\/wp\/v2\/posts"}],"about":[{"href":"https:\/\/www.elsindical.com.ar\/notas\/wp-json\/wp\/v2\/types\/post"}],"author":[{"embeddable":true,"href":"https:\/\/www.elsindical.com.ar\/notas\/wp-json\/wp\/v2\/users\/1"}],"replies":[{"embeddable":true,"href":"https:\/\/www.elsindical.com.ar\/notas\/wp-json\/wp\/v2\/comments?post=88469"}],"version-history":[{"count":1,"href":"https:\/\/www.elsindical.com.ar\/notas\/wp-json\/wp\/v2\/posts\/88469\/revisions"}],"predecessor-version":[{"id":88471,"href":"https:\/\/www.elsindical.com.ar\/notas\/wp-json\/wp\/v2\/posts\/88469\/revisions\/88471"}],"wp:featuredmedia":[{"embeddable":true,"href":"https:\/\/www.elsindical.com.ar\/notas\/wp-json\/wp\/v2\/media\/88470"}],"wp:attachment":[{"href":"https:\/\/www.elsindical.com.ar\/notas\/wp-json\/wp\/v2\/media?parent=88469"}],"wp:term":[{"taxonomy":"category","embeddable":true,"href":"https:\/\/www.elsindical.com.ar\/notas\/wp-json\/wp\/v2\/categories?post=88469"},{"taxonomy":"post_tag","embeddable":true,"href":"https:\/\/www.elsindical.com.ar\/notas\/wp-json\/wp\/v2\/tags?post=88469"}],"curies":[{"name":"wp","href":"https:\/\/api.w.org\/{rel}","templated":true}]}}