{"id":88466,"date":"2019-07-09T23:22:18","date_gmt":"2019-07-10T02:22:18","guid":{"rendered":"http:\/\/www.elsindical.com.ar\/notas\/?p=88466"},"modified":"2019-07-09T23:22:18","modified_gmt":"2019-07-10T02:22:18","slug":"represion-y-detenidos-al-intentar-instalar-una-carpa-en-el-obelisco","status":"publish","type":"post","link":"https:\/\/www.elsindical.com.ar\/notas\/represion-y-detenidos-al-intentar-instalar-una-carpa-en-el-obelisco\/","title":{"rendered":"Represi\u00f3n y detenidos al intentar instalar una carpa en el Obelisco"},"content":{"rendered":"\n<figure class=\"wp-block-image\"><img loading=\"lazy\" decoding=\"async\" width=\"1024\" height=\"576\" src=\"http:\/\/www.elsindical.com.ar\/notas\/var\/www\/html\/notas\/wp-content\/uploads\/2019\/07\/represi\u00f3n-Obelisco-9-de-julio-2019-1024x576.jpg\" alt=\"\" class=\"wp-image-88467\" srcset=\"https:\/\/www.elsindical.com.ar\/notas\/var\/www\/html\/notas\/wp-content\/uploads\/2019\/07\/represi\u00f3n-Obelisco-9-de-julio-2019-1024x576.jpg 1024w, https:\/\/www.elsindical.com.ar\/notas\/var\/www\/html\/notas\/wp-content\/uploads\/2019\/07\/represi\u00f3n-Obelisco-9-de-julio-2019-300x169.jpg 300w, https:\/\/www.elsindical.com.ar\/notas\/var\/www\/html\/notas\/wp-content\/uploads\/2019\/07\/represi\u00f3n-Obelisco-9-de-julio-2019-768x432.jpg 768w, https:\/\/www.elsindical.com.ar\/notas\/var\/www\/html\/notas\/wp-content\/uploads\/2019\/07\/represi\u00f3n-Obelisco-9-de-julio-2019-500x281.jpg 500w, https:\/\/www.elsindical.com.ar\/notas\/var\/www\/html\/notas\/wp-content\/uploads\/2019\/07\/represi\u00f3n-Obelisco-9-de-julio-2019-460x260.jpg 460w, https:\/\/www.elsindical.com.ar\/notas\/var\/www\/html\/notas\/wp-content\/uploads\/2019\/07\/represi\u00f3n-Obelisco-9-de-julio-2019.jpg 1200w\" sizes=\"auto, (max-width: 1024px) 100vw, 1024px\" \/><\/figure>\n\n\n\n<p> Efectivos de la Polic\u00eda de la Ciudad  arremetieron contra representantes de la CTEP y otras organizaciones que  intentaban descargar colchones para asistir a personas en situaci\u00f3n de  calle. <\/p>\n\n\n\n<p>Dos\npersonas resultaron detenidas este martes como consecuencia de los incidentes que\nintegrantes de organizaciones sociales protagonizaron cuando la Polic\u00eda de la\nCiudad impidi\u00f3 la instalaci\u00f3n de carpas para ollas populares en la zona del\nObelisco porte\u00f1o.<\/p>\n\n\n\n<p>Efectivos de la Polic\u00eda de la Ciudad arremetieron contra \nrepresentantes de la Confederaci\u00f3n de Trabajadores de la Econom\u00eda \nPopular (CTEP) y otras organizaciones que intentaban descargar colchones\n para asistir a personas en situaci\u00f3n de calle. Tambi\u00e9n lanzaron gases \nlacrim\u00f3genos para reprimir a los manifestantes.<\/p>\n\n\n\n<p>Una dirigente de la CTEP dijo en declaraciones al canal Cr\u00f3nica TV \nque la situaci\u00f3n era complicada: \u201cLa respuesta del Gobierno de la Ciudad\n es mandarnos a la polic\u00eda\u201d, y report\u00f3 que \u201chay dos detenidos, dos \nchicos que estaban en situaci\u00f3n de calle\u201d.<\/p>\n\n\n\n<p>El Defensor del Pueblo porte\u00f1o, Alejandro Amor, intervino en la \nsituaci\u00f3n y tras dos horas de negociaciones con los manifestantes y el \ngobierno de la Ciudad, dijo que \u201cse lleg\u00f3 a un acuerdo y ma\u00f1ana a la \nma\u00f1ana habr\u00e1 una mesa de negociaci\u00f3n\u201d.<\/p>\n\n\n\n<p>\u201cSe acord\u00f3 que no se instalar\u00e1 la carpa, ya la sacaron, y s\u00ed se \ninstalar\u00e1n las ollas. Las organizaciones pidieron tres horas para \ncocinar, dar de comer y levantar\u201d, expres\u00f3 Amor en declaraciones al \ncanal Todo Noticias (TN).<\/p>\n\n\n\n<p>El Defensor del Pueblo sostuvo que se quedar\u00e1 \u201cen el lugar, para que \nesto se cumpla\u201d y se\u00f1al\u00f3 que \u201cla polic\u00eda va a retroceder para tomar una \ndistancia\u201d.<\/p>\n","protected":false},"excerpt":{"rendered":"<p>Efectivos de la Polic\u00eda de la Ciudad arremetieron contra representantes de la CTEP y otras organizaciones que intentaban descargar colchones para asistir a personas en situaci\u00f3n de calle. Dos personas resultaron detenidas este martes como consecuencia de los incidentes que integrantes de organizaciones sociales protagonizaron cuando la Polic\u00eda de la Ciudad impidi\u00f3 la instalaci\u00f3n de&hellip;<\/p>\n","protected":false},"author":1,"featured_media":88467,"comment_status":"open","ping_status":"open","sticky":false,"template":"","format":"standard","meta":{"footnotes":""},"categories":[22],"tags":[836,6264,9975,24537],"class_list":["post-88466","post","type-post","status-publish","format-standard","has-post-thumbnail","hentry","category-policiales","tag-9-de-julio","tag-obelisco","tag-olla-popular","tag-policia-de-la-ciudad"],"_links":{"self":[{"href":"https:\/\/www.elsindical.com.ar\/notas\/wp-json\/wp\/v2\/posts\/88466","targetHints":{"allow":["GET"]}}],"collection":[{"href":"https:\/\/www.elsindical.com.ar\/notas\/wp-json\/wp\/v2\/posts"}],"about":[{"href":"https:\/\/www.elsindical.com.ar\/notas\/wp-json\/wp\/v2\/types\/post"}],"author":[{"embeddable":true,"href":"https:\/\/www.elsindical.com.ar\/notas\/wp-json\/wp\/v2\/users\/1"}],"replies":[{"embeddable":true,"href":"https:\/\/www.elsindical.com.ar\/notas\/wp-json\/wp\/v2\/comments?post=88466"}],"version-history":[{"count":1,"href":"https:\/\/www.elsindical.com.ar\/notas\/wp-json\/wp\/v2\/posts\/88466\/revisions"}],"predecessor-version":[{"id":88468,"href":"https:\/\/www.elsindical.com.ar\/notas\/wp-json\/wp\/v2\/posts\/88466\/revisions\/88468"}],"wp:featuredmedia":[{"embeddable":true,"href":"https:\/\/www.elsindical.com.ar\/notas\/wp-json\/wp\/v2\/media\/88467"}],"wp:attachment":[{"href":"https:\/\/www.elsindical.com.ar\/notas\/wp-json\/wp\/v2\/media?parent=88466"}],"wp:term":[{"taxonomy":"category","embeddable":true,"href":"https:\/\/www.elsindical.com.ar\/notas\/wp-json\/wp\/v2\/categories?post=88466"},{"taxonomy":"post_tag","embeddable":true,"href":"https:\/\/www.elsindical.com.ar\/notas\/wp-json\/wp\/v2\/tags?post=88466"}],"curies":[{"name":"wp","href":"https:\/\/api.w.org\/{rel}","templated":true}]}}