{"id":88386,"date":"2019-07-05T17:41:23","date_gmt":"2019-07-05T20:41:23","guid":{"rendered":"http:\/\/www.elsindical.com.ar\/notas\/?p=88386"},"modified":"2019-07-05T17:41:23","modified_gmt":"2019-07-05T20:41:23","slug":"el-maltrato-infantil-modifica-la-arquitectura-de-la-red-cortical-y-puede-aumentar-el-riesgo-de-consumo-de-drogas","status":"publish","type":"post","link":"https:\/\/www.elsindical.com.ar\/notas\/el-maltrato-infantil-modifica-la-arquitectura-de-la-red-cortical-y-puede-aumentar-el-riesgo-de-consumo-de-drogas\/","title":{"rendered":"El maltrato infantil modifica la arquitectura de la red cortical y puede aumentar el riesgo de consumo de drogas"},"content":{"rendered":"\n<figure class=\"wp-block-image\"><img loading=\"lazy\" decoding=\"async\" width=\"432\" height=\"865\" src=\"http:\/\/www.elsindical.com.ar\/notas\/var\/www\/html\/notas\/wp-content\/uploads\/2019\/07\/gr\u00e1fico-maltrato-infantil.jpg\" alt=\"\" class=\"wp-image-88387\" srcset=\"https:\/\/www.elsindical.com.ar\/notas\/var\/www\/html\/notas\/wp-content\/uploads\/2019\/07\/gr\u00e1fico-maltrato-infantil.jpg 432w, https:\/\/www.elsindical.com.ar\/notas\/var\/www\/html\/notas\/wp-content\/uploads\/2019\/07\/gr\u00e1fico-maltrato-infantil-150x300.jpg 150w\" sizes=\"auto, (max-width: 432px) 100vw, 432px\" \/><\/figure>\n\n\n\n<p class=\"wp-block-paragraph\">\n\tEl maltrato infantil altera el desarrollo del cerebro del ni\u00f1o en \nformas que pueden aumentar su riesgo de consumir drogas y sufrir otros \ntrastornos mentales en la edad adulta. En un estudio patrocinado por el \nNIDA, los investigadores descubrieron que los adultos j\u00f3venes que hab\u00edan\n sido maltratados en la ni\u00f1ez presentaban diferencias en nueve regiones \ncorticales en comparaci\u00f3n con quienes no hab\u00edan sufrido maltrato. Las \ndiferencias podr\u00edan comprometer las aptitudes socio-perceptuales b\u00e1sicas\n del grupo con antecedentes de maltrato, su capacidad de mantener un \nequilibrio saludable entre la introversi\u00f3n y la extroversi\u00f3n y la \nhabilidad de autorregular sus emociones y conductas.\n<\/p>\n\n\n\n<p class=\"wp-block-paragraph\">\n\tEl Dr. Martin Teicher y sus colegas de McLean Hospital, Harvard Medical\n School y Northeastern University obtuvieron im\u00e1genes por resonancia \nmagn\u00e9tica (MRI) de 265 adultos de entre 18 y 25 a\u00f1os. Bas\u00e1ndose en las \nrespuestas de los j\u00f3venes a una serie de instrumentos de sondeo, entre \nellos la entrevista de antecedentes traum\u00e1ticos TAI (Traumatic \nAntecedents Interview) y el cuestionario de trauma en la infancia CTQ&nbsp; \n(Childhood Trauma Questionnaire), los investigadores determinaron que \n123 de ellos hab\u00edan sufrido negligencia o abuso f\u00edsico, emocional o \nsexual durante la infancia.\n<\/p>\n\n\n\n<p class=\"wp-block-paragraph\">\n\tLos investigadores compararon las im\u00e1genes de resonancia magn\u00e9tica de \nlos participantes maltratados con las de los 142 participantes que no \nhab\u00edan sufrido maltrato. El an\u00e1lisis mostr\u00f3 que el maltrato estaba \nvinculado con alteraciones en la arquitectura de la red cortical que se \nevidenciaban en marcadas diferencias en la centralidad de nueve regiones\n cerebrales y en el conjunto de regiones que formaban el \u00abclub de ricos\u00bb\n de la red;\n<\/p>\n\n\n\n<ul class=\"wp-block-list\"><li>\n\t\t\tla <strong>centralidad <\/strong>incluye una serie de medidas que \nindican la importancia relativa de una regi\u00f3n cortical dentro de la red.\n El grado de centralidad es el n\u00famero de conexiones directas que un nodo\n tiene con otros nodos. La intermediaci\u00f3n refleja el n\u00famero de veces que\n un nodo act\u00faa como puente a lo largo del camino m\u00e1s corto entre otros \ndos nodos. La centralidad de vector propio es una medida m\u00e1s compleja de\n la importancia del nodo, similar al algoritmo de jerarqu\u00eda de p\u00e1ginas \nque emplea Google. Las regiones con mayor centralidad ejercen m\u00e1s \ninfluencia en la comunicaci\u00f3n dentro de la red que las regiones con \nmenor centralidad;\n\t\t<\/li><li>\n\t\t\tlos \u201c<strong>clubes de ricos<\/strong>\u201d son n\u00facleos neurales que \nconectan entre s\u00ed regiones corticales sumamente centralizadas (es decir,\n bien conectadas). Los clubes de ricos act\u00faan como la columna vertebral \nde comunicaci\u00f3n de la red.\n\t\t<\/li><\/ul>\n\n\n\n<h2 class=\"wp-block-heading\">\n\tLas regiones afectadas\n<\/h2>\n\n\n\n<p class=\"wp-block-paragraph\"> Los cambios m\u00e1s grandes en conectividad vinculados con el maltrato se  observaron en dos regiones que funcionan en forma conjunta para mediar  en la percepci\u00f3n y la regulaci\u00f3n de las emociones y los impulsos (ver la  imagen). La \u00ednsula anterior derecha, que participa en la integraci\u00f3n y  coordinaci\u00f3n de la percataci\u00f3n subjetiva de necesidades urgentes y  sentimientos internos\u2014como los deseos o antojos\u2014, apareci\u00f3 como una  regi\u00f3n centralizada y miembro del club de ricos en los participantes que  hab\u00edan sufrido maltrato pero no en el grupo de control. El c\u00edngulo  anterior izquierdo, que participa en la regulaci\u00f3n de emociones e  impulsos, fue una regi\u00f3n altamente centralizada y miembro del club de  ricos en el grupo de control pero no en quienes ten\u00edan antecedentes de  maltrato. <\/p>\n\n\n\n<p class=\"wp-block-paragraph\">\n\t\u00abEl aumento de centralidad de la \u00ednsula anterior puede causar deseos \nm\u00e1s intensos de consumir drogas, lo que se suma a una menor comprensi\u00f3n \nde las consecuencias del consumo. La disminuci\u00f3n de la centralidad del \nc\u00edngulo anterior puede reducir la capacidad de controlar impulsos o \ntomar decisiones apropiadas bas\u00e1ndose en resultados anteriores\u00bb, dice el\n Dr. Teicher. \u00abEsto indica que la conectividad cortical alterada en las \npersonas que han sufrido maltrato puede aumentar marcadamente su riesgo \nde adicci\u00f3n si comienzan a consumir drogas\u00bb.\n<\/p>\n\n\n\n<p class=\"wp-block-paragraph\">\n\tLos investigadores tambi\u00e9n observaron que el prec\u00faneo derecho, una \nregi\u00f3n asociada con el pensamiento egoc\u00e9ntrico, ten\u00eda alta centralidad y\n formaba parte del club de ricos en los participantes que hab\u00edan sufrido\n maltrato, pero no en el grupo de control. En contraste, la \ncircunvoluci\u00f3n frontal media, que participa en la memoria funcional, la \natenci\u00f3n y el autoconocimiento present\u00f3 una disminuci\u00f3n de centralidad \nentre los participantes maltratados. Esta regi\u00f3n tampoco formaba parte \nde un club de ricos en dichos participantes, pero s\u00ed en el grupo de \ncontrol. Quienes hab\u00edan sufrido maltrato tambi\u00e9n mostraron menor \ncentralidad, en comparaci\u00f3n con quienes no lo hab\u00edan sufrido, en:\n<\/p>\n\n\n\n<ul class=\"wp-block-list\"><li>\n\t\t\tel l\u00f3bulo temporal, que es responsable de la atribuci\u00f3n de pensamientos, intenciones o creencias a otros;\n\t\t<\/li><li>\n\t\t\tel l\u00f3bulo occipital, que es responsable del procesamiento visual y la percepci\u00f3n consciente;\n\t\t<\/li><li>\n\t\t\tla circunvoluci\u00f3n parietal superior, que es responsable de la memoria funcional;\n\t\t<\/li><li>\n\t\t\tla cisura y circunvoluci\u00f3n precentral, que es responsable de la coordinaci\u00f3n motriz y las percepciones sensoriales.\n\t\t<\/li><\/ul>\n\n\n\n<p class=\"wp-block-paragraph\">\n\tLos investigadores evaluaron la centralidad y determinaron la membres\u00eda\n en clubes de ricos midiendo el espesor de 112 \u00e1reas corticales con \nim\u00e1genes de resonancia magn\u00e9tica. Luego, calcularon el grado en el que \nlas medidas del espesor entre las distintas regiones se correlacionaban \nentre las personas que hab\u00edan sufrido maltrato y las del grupo de \ncontrol. Las regiones que tienen una s\u00f3lida correlaci\u00f3n en su espesor \nest\u00e1n conectadas directamente por medio de conductos de fibras o est\u00e1n \nasociadas funcionalmente. Los investigadores utilizaron la teor\u00eda de \ngr\u00e1ficos para calcular las medidas de centralidad y membres\u00eda en clubes \nde ricos a partir de las correlaciones interregionales (ver <a href=\"https:\/\/www.drugabuse.gov\/es\/news-events\/nida-notes\/2019\/02\/el-maltrato-infantil-modifica-la-arquitectura-de-la-red-cortical-y-puede-aumentar-el-riesgo-de?fbclid=IwAR1duzlIeMixgothFdwgnrSElZ1iiBZQaE73J72vs4c5EFMk4SBeydQ_ixQ#textbox\">La arquitectura de la red cerebral refleja las experiencias<\/a>).\n<\/p>\n\n\n\n<p class=\"wp-block-paragraph\">\n\tLas conclusiones del estudio sugieren que el maltrato infantil es un \nfactor estresante grave que altera las trayectorias del desarrollo \ncerebral. Las regiones que participan en el monitoreo de la percepci\u00f3n o\n conciencia interna de las emociones se convierten en n\u00facleos de \nactividad sumamente conectados y por lo tanto pueden ejercer mayor \ninfluencia en el comportamiento de una persona. Al mismo tiempo, las \nregiones que controlan los impulsos pierden conexiones y quedan \nrelegadas a una labor menos central dentro de la red. Estos cambios \npueden sentar las bases para que haya un mayor riesgo de consumo de \ndrogas y otros trastornos de salud mental a lo largo de la vida.\n<\/p>\n\n\n\n<p class=\"wp-block-paragraph\">\n\tEste estudio se realiz\u00f3 con el apoyo de los subsidios DA016934 y DA017846 de los Institutos Nacionales de la Salud (NIH).\n<\/p>\n\n\n\n<h2 class=\"wp-block-heading\">\n\tFuente:\n<\/h2>\n\n\n\n<p class=\"wp-block-paragraph\">\n\tTeicher, M.H.; Anderson, C.M.; Ohashi, K. et al. Childhood \nmaltreatment: altered network centrality of cingulate, precuneus, \ntemporal pole and insula. <em>Biological Psychiatry<\/em>. 76(4):297-305, 2014. <a href=\"http:\/\/www.ncbi.nlm.nih.gov\/pmc\/articles\/PMC4258110\/\">Texto completo<\/a>\n\n<\/p>\n\n\n\n<h2 class=\"wp-block-heading\">\n\t\tLa arquitectura de la red cerebral refleja las experiencias\n\t<\/h2>\n\n\n\n<p class=\"wp-block-paragraph\">\n\t\tLa teor\u00eda de grafos (o teor\u00eda de gr\u00e1ficas) es un nuevo m\u00e9todo para el \nan\u00e1lisis de la funci\u00f3n que desempe\u00f1an determinadas regiones del cerebro \nen las redes de comunicaci\u00f3n. En el estudio en consideraci\u00f3n, los \ninvestigadores determinaron la interconectividad de 112 regiones \ncorticales evaluando la correlaci\u00f3n de las medidas del espesor entre las\n regiones. Una correlaci\u00f3n altamente positiva en el espesor entre dos \nregiones cerebrales indica que las regiones est\u00e1n asociadas directa o \nfuncionalmente. A continuaci\u00f3n se aplic\u00f3 el an\u00e1lisis gr\u00e1fico-te\u00f3rico \npara delinear la arquitectura de la red a partir de los patrones de \nconectividad interregional. Con estos datos se cre\u00f3 un diagrama que \nrastrea la cantidad de conexiones directas e indirectas desde una regi\u00f3n\n de inter\u00e9s hacia otras \u00e1reas del cerebro. Esto proporciona una medida \nde la conectividad de la regi\u00f3n y de su influencia en todo el cerebro.\n\t<\/p>\n\n\n\n<p class=\"wp-block-paragraph\">\n\t\tLos investigadores visualizan la arquitectura cerebral de este modo \npara estudiar el impacto del medio ambiente en el desarrollo de la red \ncerebral. Por ejemplo, al comparar los resultados en personas expuestas a\n eventos estresantes en la infancia con los de personas que no han \ntenido esas experiencias negativas, es posible explorar si estos \nacontecimientos negativos de la infancia est\u00e1n vinculados con cambios en\n la centralidad\u2014o importancia\u2014de regiones espec\u00edficas del cerebro en las\n comunicaciones de la red. Este m\u00e9todo tambi\u00e9n se ha utilizado para \nidentificar anomal\u00edas de la red en los casos de trastornos y \nenfermedades mentales como la esquizofrenia, la epilepsia, la esclerosis\n m\u00faltiple y la enfermedad de Alzheimer.\n\t<\/p>\n","protected":false},"excerpt":{"rendered":"<p>El maltrato infantil altera el desarrollo del cerebro del ni\u00f1o en formas que pueden aumentar su riesgo de consumir drogas y sufrir otros trastornos mentales en la edad adulta. En un estudio patrocinado por el NIDA, los investigadores descubrieron que los adultos j\u00f3venes que hab\u00edan sido maltratados en la ni\u00f1ez presentaban diferencias en nueve regiones&hellip;<\/p>\n","protected":false},"author":1,"featured_media":88387,"comment_status":"open","ping_status":"open","sticky":false,"template":"","format":"standard","meta":{"footnotes":""},"categories":[23],"tags":[8645,382,16902],"class_list":["post-88386","post","type-post","status-publish","format-standard","has-post-thumbnail","hentry","category-salud","tag-adultos","tag-drogas","tag-maltrato-infantil"],"_links":{"self":[{"href":"https:\/\/www.elsindical.com.ar\/notas\/wp-json\/wp\/v2\/posts\/88386","targetHints":{"allow":["GET"]}}],"collection":[{"href":"https:\/\/www.elsindical.com.ar\/notas\/wp-json\/wp\/v2\/posts"}],"about":[{"href":"https:\/\/www.elsindical.com.ar\/notas\/wp-json\/wp\/v2\/types\/post"}],"author":[{"embeddable":true,"href":"https:\/\/www.elsindical.com.ar\/notas\/wp-json\/wp\/v2\/users\/1"}],"replies":[{"embeddable":true,"href":"https:\/\/www.elsindical.com.ar\/notas\/wp-json\/wp\/v2\/comments?post=88386"}],"version-history":[{"count":1,"href":"https:\/\/www.elsindical.com.ar\/notas\/wp-json\/wp\/v2\/posts\/88386\/revisions"}],"predecessor-version":[{"id":88388,"href":"https:\/\/www.elsindical.com.ar\/notas\/wp-json\/wp\/v2\/posts\/88386\/revisions\/88388"}],"wp:featuredmedia":[{"embeddable":true,"href":"https:\/\/www.elsindical.com.ar\/notas\/wp-json\/wp\/v2\/media\/88387"}],"wp:attachment":[{"href":"https:\/\/www.elsindical.com.ar\/notas\/wp-json\/wp\/v2\/media?parent=88386"}],"wp:term":[{"taxonomy":"category","embeddable":true,"href":"https:\/\/www.elsindical.com.ar\/notas\/wp-json\/wp\/v2\/categories?post=88386"},{"taxonomy":"post_tag","embeddable":true,"href":"https:\/\/www.elsindical.com.ar\/notas\/wp-json\/wp\/v2\/tags?post=88386"}],"curies":[{"name":"wp","href":"https:\/\/api.w.org\/{rel}","templated":true}]}}