{"id":88311,"date":"2019-07-03T12:21:32","date_gmt":"2019-07-03T15:21:32","guid":{"rendered":"http:\/\/www.elsindical.com.ar\/notas\/?p=88311"},"modified":"2019-07-03T12:21:43","modified_gmt":"2019-07-03T15:21:43","slug":"autopartista-magna-pacta-suspensiones-y-recorte-de-salarios-para-sus-400-operarios","status":"publish","type":"post","link":"https:\/\/www.elsindical.com.ar\/notas\/autopartista-magna-pacta-suspensiones-y-recorte-de-salarios-para-sus-400-operarios\/","title":{"rendered":"Autopartista Magna pacta suspensiones y recorte de salarios para sus 400 operarios"},"content":{"rendered":"\n<figure class=\"wp-block-image\"><img loading=\"lazy\" decoding=\"async\" width=\"829\" height=\"466\" src=\"http:\/\/www.elsindical.com.ar\/notas\/var\/www\/html\/notas\/wp-content\/uploads\/2019\/07\/autopartista-Magna.jpg\" alt=\"\" class=\"wp-image-88312\" srcset=\"https:\/\/www.elsindical.com.ar\/notas\/var\/www\/html\/notas\/wp-content\/uploads\/2019\/07\/autopartista-Magna.jpg 829w, https:\/\/www.elsindical.com.ar\/notas\/var\/www\/html\/notas\/wp-content\/uploads\/2019\/07\/autopartista-Magna-300x169.jpg 300w, https:\/\/www.elsindical.com.ar\/notas\/var\/www\/html\/notas\/wp-content\/uploads\/2019\/07\/autopartista-Magna-768x432.jpg 768w, https:\/\/www.elsindical.com.ar\/notas\/var\/www\/html\/notas\/wp-content\/uploads\/2019\/07\/autopartista-Magna-500x281.jpg 500w, https:\/\/www.elsindical.com.ar\/notas\/var\/www\/html\/notas\/wp-content\/uploads\/2019\/07\/autopartista-Magna-460x260.jpg 460w\" sizes=\"auto, (max-width: 829px) 100vw, 829px\" \/><\/figure>\n\n\n\n<p class=\"wp-block-paragraph\">El acuerdo firmado para la planta  de Magna es similar al que firm\u00f3 Renault para su planta de Santa Isabel.  Contempla reducir los turnos y aplicar suspensiones a 400 operarios.<\/p>\n\n\n\n<p class=\"wp-block-paragraph\">Aunque desde las concesionarias se\n afirma que la ca\u00edda de ventas hubiera sido peor sin el plan de \nincentivos del Gobierno nacional para la compra de 0Km, lo cierto es que\n durante el mes de junio la venta de unidades sigui\u00f3 en retroceso y no \nest\u00e1 ni por lejos en lo proyectado por el Gobierno Nacional.<\/p>\n\n\n\n<p class=\"wp-block-paragraph\">En ese contexto general de la industria, algunas automotrices vienen \naplicando acuerdos de suspensiones o de rebajas salariales para hacer \nfrente al escenario recesivo.<\/p>\n\n\n\n<p class=\"wp-block-paragraph\">Ese es el caso de la<strong>&nbsp;autopartista Magna, una empresa de capitales canadienses dedicada a la producci\u00f3n de asientos para Nissan<\/strong>, que acaba de pactar con el Sindicato de Mec\u00e1nicos y Afines del Transporte Automotor (SMATA<strong>) una reducci\u00f3n de jornada y de remuneraciones<\/strong>para su planta de la provincia de C\u00f3rdoba, con el objetivo de mantener los actuales 400 puestos de trabajo.<\/p>\n\n\n\n<p class=\"wp-block-paragraph\">Seg\u00fan consign\u00f3 IProfesional, el acuerdo para la planta de Magna&nbsp;<strong>es\n similar al que firm\u00f3 Renault para su planta de Santa Isabel el pasado \n29 de mayo para reducir los turnos de 8,48 a 6 horas, aplicando \nsuspensiones de personal al 70% en lugar de al 75%.<\/strong><\/p>\n\n\n\n<p class=\"wp-block-paragraph\"><strong>El nuevo esquema, que se extiende hasta marzo del a\u00f1o \npr\u00f3ximo, implic\u00f3 una rebaja salarial del 35% para los empleados de la \nplanta. As\u00ed, un operario con tres a\u00f1os de antig\u00fcedad que percib\u00eda 31.200\n pesos pas\u00f3 a cobrar 23.000 mensuales.<\/strong><\/p>\n","protected":false},"excerpt":{"rendered":"<p>El acuerdo firmado para la planta de Magna es similar al que firm\u00f3 Renault para su planta de Santa Isabel. Contempla reducir los turnos y aplicar suspensiones a 400 operarios. Aunque desde las concesionarias se afirma que la ca\u00edda de ventas hubiera sido peor sin el plan de incentivos del Gobierno nacional para la compra&hellip;<\/p>\n","protected":false},"author":1,"featured_media":88312,"comment_status":"open","ping_status":"open","sticky":false,"template":"","format":"standard","meta":{"footnotes":""},"categories":[16],"tags":[31207,22023,18618,803,4798],"class_list":["post-88311","post","type-post","status-publish","format-standard","has-post-thumbnail","hentry","category-gremiales","tag-autopartista-magna","tag-economia","tag-operarios","tag-salarios","tag-suspensiones"],"_links":{"self":[{"href":"https:\/\/www.elsindical.com.ar\/notas\/wp-json\/wp\/v2\/posts\/88311","targetHints":{"allow":["GET"]}}],"collection":[{"href":"https:\/\/www.elsindical.com.ar\/notas\/wp-json\/wp\/v2\/posts"}],"about":[{"href":"https:\/\/www.elsindical.com.ar\/notas\/wp-json\/wp\/v2\/types\/post"}],"author":[{"embeddable":true,"href":"https:\/\/www.elsindical.com.ar\/notas\/wp-json\/wp\/v2\/users\/1"}],"replies":[{"embeddable":true,"href":"https:\/\/www.elsindical.com.ar\/notas\/wp-json\/wp\/v2\/comments?post=88311"}],"version-history":[{"count":1,"href":"https:\/\/www.elsindical.com.ar\/notas\/wp-json\/wp\/v2\/posts\/88311\/revisions"}],"predecessor-version":[{"id":88313,"href":"https:\/\/www.elsindical.com.ar\/notas\/wp-json\/wp\/v2\/posts\/88311\/revisions\/88313"}],"wp:featuredmedia":[{"embeddable":true,"href":"https:\/\/www.elsindical.com.ar\/notas\/wp-json\/wp\/v2\/media\/88312"}],"wp:attachment":[{"href":"https:\/\/www.elsindical.com.ar\/notas\/wp-json\/wp\/v2\/media?parent=88311"}],"wp:term":[{"taxonomy":"category","embeddable":true,"href":"https:\/\/www.elsindical.com.ar\/notas\/wp-json\/wp\/v2\/categories?post=88311"},{"taxonomy":"post_tag","embeddable":true,"href":"https:\/\/www.elsindical.com.ar\/notas\/wp-json\/wp\/v2\/tags?post=88311"}],"curies":[{"name":"wp","href":"https:\/\/api.w.org\/{rel}","templated":true}]}}