{"id":88268,"date":"2019-07-01T15:00:38","date_gmt":"2019-07-01T18:00:38","guid":{"rendered":"http:\/\/www.elsindical.com.ar\/notas\/?p=88268"},"modified":"2019-07-01T15:00:51","modified_gmt":"2019-07-01T18:00:51","slug":"trabajadores-de-canale-el-expreso-lomas-y-cresta-roja-se-unen-en-un-festival-solidario","status":"publish","type":"post","link":"https:\/\/www.elsindical.com.ar\/notas\/trabajadores-de-canale-el-expreso-lomas-y-cresta-roja-se-unen-en-un-festival-solidario\/","title":{"rendered":"Trabajadores de Canale, el Expreso Lomas y Cresta Roja se unen en un festival solidario"},"content":{"rendered":"\n<figure class=\"wp-block-image\"><img loading=\"lazy\" decoding=\"async\" width=\"640\" height=\"382\" src=\"http:\/\/www.elsindical.com.ar\/notas\/var\/www\/html\/notas\/wp-content\/uploads\/2019\/07\/festival-solidario-trabajadores.jpg\" alt=\"\" class=\"wp-image-88269\" srcset=\"https:\/\/www.elsindical.com.ar\/notas\/var\/www\/html\/notas\/wp-content\/uploads\/2019\/07\/festival-solidario-trabajadores.jpg 640w, https:\/\/www.elsindical.com.ar\/notas\/var\/www\/html\/notas\/wp-content\/uploads\/2019\/07\/festival-solidario-trabajadores-300x179.jpg 300w, https:\/\/www.elsindical.com.ar\/notas\/var\/www\/html\/notas\/wp-content\/uploads\/2019\/07\/festival-solidario-trabajadores-500x298.jpg 500w\" sizes=\"auto, (max-width: 640px) 100vw, 640px\" \/><\/figure>\n\n\n\n<p>Trabajadores\n del Expreso Lomas, la empresa Canale de Llavallol y Cresta Roja \nrealizar\u00e1n este 9 de julio un Festival de Solidaridad, en el marco de \nlas luchas que vienen llevando adelante para recuperar sus puestos \nlaborales.<\/p>\n\n\n\n<p>El\n encuentro cultural se desarrollar\u00e1 entre las 11 y las 18 hs, en Sata \nCatalina y Libres del Sur, en Llavallol. La entrada ser\u00e1 dos alimentos \nno perecederos destinados al fondo de lucha de los trabajadores de \nCanale y Cresta Roja.<\/p>\n\n\n\n<p>Durante\n el festival actuar\u00e1n bandas musicales, habr\u00e1 una exposici\u00f3n de fotos, \nadem\u00e1s de sorteos y bailes. Los organizadores anuncian, tambi\u00e9n, un \nbuffet \u201csuper econ\u00f3mico\u201d.<\/p>\n\n\n\n<p>Los\n trabajadores de Canale y Cresta Roja vienen luchando por la restituci\u00f3n\n de su puestos de trabajo, mientras que los choferes del Expreso Lomas \nreclaman que se solucione el conflicto judicial en el que se encuentra \nla empresa para contar con nuevas unidades y poder reiniciar el \nservicio.<\/p>\n","protected":false},"excerpt":{"rendered":"<p>Trabajadores del Expreso Lomas, la empresa Canale de Llavallol y Cresta Roja realizar\u00e1n este 9 de julio un Festival de Solidaridad, en el marco de las luchas que vienen llevando adelante para recuperar sus puestos laborales. El encuentro cultural se desarrollar\u00e1 entre las 11 y las 18 hs, en Sata Catalina y Libres del Sur,&hellip;<\/p>\n","protected":false},"author":1,"featured_media":88269,"comment_status":"open","ping_status":"open","sticky":false,"template":"","format":"standard","meta":{"footnotes":""},"categories":[25],"tags":[24909,19744,23723,31191],"class_list":["post-88268","post","type-post","status-publish","format-standard","has-post-thumbnail","hentry","category-sociedad","tag-canale","tag-cresta-roja","tag-expreso-lomas","tag-festival-solidario-trabajadores"],"_links":{"self":[{"href":"https:\/\/www.elsindical.com.ar\/notas\/wp-json\/wp\/v2\/posts\/88268","targetHints":{"allow":["GET"]}}],"collection":[{"href":"https:\/\/www.elsindical.com.ar\/notas\/wp-json\/wp\/v2\/posts"}],"about":[{"href":"https:\/\/www.elsindical.com.ar\/notas\/wp-json\/wp\/v2\/types\/post"}],"author":[{"embeddable":true,"href":"https:\/\/www.elsindical.com.ar\/notas\/wp-json\/wp\/v2\/users\/1"}],"replies":[{"embeddable":true,"href":"https:\/\/www.elsindical.com.ar\/notas\/wp-json\/wp\/v2\/comments?post=88268"}],"version-history":[{"count":1,"href":"https:\/\/www.elsindical.com.ar\/notas\/wp-json\/wp\/v2\/posts\/88268\/revisions"}],"predecessor-version":[{"id":88270,"href":"https:\/\/www.elsindical.com.ar\/notas\/wp-json\/wp\/v2\/posts\/88268\/revisions\/88270"}],"wp:featuredmedia":[{"embeddable":true,"href":"https:\/\/www.elsindical.com.ar\/notas\/wp-json\/wp\/v2\/media\/88269"}],"wp:attachment":[{"href":"https:\/\/www.elsindical.com.ar\/notas\/wp-json\/wp\/v2\/media?parent=88268"}],"wp:term":[{"taxonomy":"category","embeddable":true,"href":"https:\/\/www.elsindical.com.ar\/notas\/wp-json\/wp\/v2\/categories?post=88268"},{"taxonomy":"post_tag","embeddable":true,"href":"https:\/\/www.elsindical.com.ar\/notas\/wp-json\/wp\/v2\/tags?post=88268"}],"curies":[{"name":"wp","href":"https:\/\/api.w.org\/{rel}","templated":true}]}}