{"id":88226,"date":"2019-06-29T01:13:44","date_gmt":"2019-06-29T04:13:44","guid":{"rendered":"http:\/\/www.elsindical.com.ar\/notas\/?p=88226"},"modified":"2019-06-29T01:15:36","modified_gmt":"2019-06-29T04:15:36","slug":"avellaneda-detienen-a-banda-boquetera-en-sarandi","status":"publish","type":"post","link":"https:\/\/www.elsindical.com.ar\/notas\/avellaneda-detienen-a-banda-boquetera-en-sarandi\/","title":{"rendered":"Avellaneda: Detienen a banda boquetera en Sarand\u00ed"},"content":{"rendered":"\n<figure class=\"wp-block-image\"><img loading=\"lazy\" decoding=\"async\" width=\"840\" height=\"482\" src=\"http:\/\/www.elsindical.com.ar\/notas\/var\/www\/html\/notas\/wp-content\/uploads\/2019\/06\/polic\u00eda-de-PFA-detenida-por-boquetera.jpg\" alt=\"\" class=\"wp-image-88227\" srcset=\"https:\/\/www.elsindical.com.ar\/notas\/var\/www\/html\/notas\/wp-content\/uploads\/2019\/06\/polic\u00eda-de-PFA-detenida-por-boquetera.jpg 840w, https:\/\/www.elsindical.com.ar\/notas\/var\/www\/html\/notas\/wp-content\/uploads\/2019\/06\/polic\u00eda-de-PFA-detenida-por-boquetera-300x172.jpg 300w, https:\/\/www.elsindical.com.ar\/notas\/var\/www\/html\/notas\/wp-content\/uploads\/2019\/06\/polic\u00eda-de-PFA-detenida-por-boquetera-768x441.jpg 768w, https:\/\/www.elsindical.com.ar\/notas\/var\/www\/html\/notas\/wp-content\/uploads\/2019\/06\/polic\u00eda-de-PFA-detenida-por-boquetera-500x287.jpg 500w, https:\/\/www.elsindical.com.ar\/notas\/var\/www\/html\/notas\/wp-content\/uploads\/2019\/06\/polic\u00eda-de-PFA-detenida-por-boquetera-220x126.jpg 220w\" sizes=\"auto, (max-width: 840px) 100vw, 840px\" \/><\/figure>\n\n\n\n<p class=\"wp-block-paragraph\">Dos hombres y una  Suboficial fueron detenidos en el partido bonaerense de Avellaneda,  por estar acusados de robar una caja fuerte con 500.000 pesos.\u00a0 <\/p>\n\n\n\n<p class=\"wp-block-paragraph\">Dos hombres y una Suboficial de la Polic\u00eda Federal Argentina (PFA)  fueron detenidos en la localidad bonaerense de Sarand\u00ed, en el partido de    Avellaneda,  al estar acusados de integrar una peligrosa banda de boqueteros, que el  17 de este mes rob\u00f3 una caja fuerte, en una importante compa\u00f1\u00eda  financiera de San Isidro, de la que sustrajeron la suma de 500.000  pesos.<\/p>\n\n\n\n<p class=\"wp-block-paragraph\">Los voceros revelaron que, en Juan de Ayolas al 2600, entre General  Escalada y Rivera Indarte, en Sarand\u00ed, los servidores p\u00fablicos de la  comisar\u00eda 1\u00aa de San Isidro apresaron a un ciudadano uruguayo, de 28  a\u00f1os, y a la funcionaria -de 32, pareja del extranjero, y destinada en  la Divisi\u00f3n Reclutamiento-, quienes se desplazaban en un Fiat Siena  rojo, patente NHM 619; mientras que en una finca situada en General Roca  al 400, se captur\u00f3 a un tercer involucrado, de 41 a\u00f1os.<\/p>\n\n\n\n<p class=\"wp-block-paragraph\">De acuerdo a lo manifestado por los informantes, los pesquisas \nrevisaron la mencionada vivienda, donde incautaron dinero, herramientas y\n prendas de vestir que utilizaron en el il\u00edcito.<\/p>\n\n\n\n<p class=\"wp-block-paragraph\">Trascendi\u00f3 que la gavilla era buscada por un asalto ocurrido el 17 de\n junio pasado en la compa\u00f1\u00eda financiera Valores Norte, ubicada en \nChacabuco al 300, en San Isidro.<\/p>\n\n\n\n<p class=\"wp-block-paragraph\">Autoridades policiales de Comando Zona Distrito de San Isidro y la \nJefatura Departamental Conurbano Norte se encargaron de supervisar los \ndiferentes procedimientos. Intervino en la causa el doctor <strong>Patricio Ferrari<\/strong>, fiscal del departamento judicial de San Isidro.<\/p>\n","protected":false},"excerpt":{"rendered":"<p>Dos hombres y una Suboficial fueron detenidos en el partido bonaerense de Avellaneda, por estar acusados de robar una caja fuerte con 500.000 pesos.\u00a0 Dos hombres y una Suboficial de la Polic\u00eda Federal Argentina (PFA) fueron detenidos en la localidad bonaerense de Sarand\u00ed, en el partido de Avellaneda, al estar acusados de integrar una peligrosa&hellip;<\/p>\n","protected":false},"author":1,"featured_media":88227,"comment_status":"open","ping_status":"open","sticky":false,"template":"","format":"standard","meta":{"footnotes":""},"categories":[22],"tags":[461,31177,116,40],"class_list":["post-88226","post","type-post","status-publish","format-standard","has-post-thumbnail","hentry","category-policiales","tag-avellaneda","tag-financiera-valores-norte","tag-robo","tag-san-isidro"],"_links":{"self":[{"href":"https:\/\/www.elsindical.com.ar\/notas\/wp-json\/wp\/v2\/posts\/88226","targetHints":{"allow":["GET"]}}],"collection":[{"href":"https:\/\/www.elsindical.com.ar\/notas\/wp-json\/wp\/v2\/posts"}],"about":[{"href":"https:\/\/www.elsindical.com.ar\/notas\/wp-json\/wp\/v2\/types\/post"}],"author":[{"embeddable":true,"href":"https:\/\/www.elsindical.com.ar\/notas\/wp-json\/wp\/v2\/users\/1"}],"replies":[{"embeddable":true,"href":"https:\/\/www.elsindical.com.ar\/notas\/wp-json\/wp\/v2\/comments?post=88226"}],"version-history":[{"count":2,"href":"https:\/\/www.elsindical.com.ar\/notas\/wp-json\/wp\/v2\/posts\/88226\/revisions"}],"predecessor-version":[{"id":88229,"href":"https:\/\/www.elsindical.com.ar\/notas\/wp-json\/wp\/v2\/posts\/88226\/revisions\/88229"}],"wp:featuredmedia":[{"embeddable":true,"href":"https:\/\/www.elsindical.com.ar\/notas\/wp-json\/wp\/v2\/media\/88227"}],"wp:attachment":[{"href":"https:\/\/www.elsindical.com.ar\/notas\/wp-json\/wp\/v2\/media?parent=88226"}],"wp:term":[{"taxonomy":"category","embeddable":true,"href":"https:\/\/www.elsindical.com.ar\/notas\/wp-json\/wp\/v2\/categories?post=88226"},{"taxonomy":"post_tag","embeddable":true,"href":"https:\/\/www.elsindical.com.ar\/notas\/wp-json\/wp\/v2\/tags?post=88226"}],"curies":[{"name":"wp","href":"https:\/\/api.w.org\/{rel}","templated":true}]}}