{"id":88199,"date":"2019-06-28T10:28:25","date_gmt":"2019-06-28T13:28:25","guid":{"rendered":"http:\/\/www.elsindical.com.ar\/notas\/?p=88199"},"modified":"2019-06-28T10:28:55","modified_gmt":"2019-06-28T13:28:55","slug":"medidas-de-fuerza-en-la-linea-b-de-subtes","status":"publish","type":"post","link":"https:\/\/www.elsindical.com.ar\/notas\/medidas-de-fuerza-en-la-linea-b-de-subtes\/","title":{"rendered":"Medidas de fuerza en la L\u00ednea B de subtes"},"content":{"rendered":"\n<figure class=\"wp-block-image\"><img loading=\"lazy\" decoding=\"async\" width=\"896\" height=\"488\" src=\"http:\/\/www.elsindical.com.ar\/notas\/var\/www\/html\/notas\/wp-content\/uploads\/2019\/06\/medidas-en-la-l\u00ednea-B.jpg\" alt=\"\" class=\"wp-image-88200\" srcset=\"https:\/\/www.elsindical.com.ar\/notas\/var\/www\/html\/notas\/wp-content\/uploads\/2019\/06\/medidas-en-la-l\u00ednea-B.jpg 896w, https:\/\/www.elsindical.com.ar\/notas\/var\/www\/html\/notas\/wp-content\/uploads\/2019\/06\/medidas-en-la-l\u00ednea-B-300x163.jpg 300w, https:\/\/www.elsindical.com.ar\/notas\/var\/www\/html\/notas\/wp-content\/uploads\/2019\/06\/medidas-en-la-l\u00ednea-B-768x418.jpg 768w, https:\/\/www.elsindical.com.ar\/notas\/var\/www\/html\/notas\/wp-content\/uploads\/2019\/06\/medidas-en-la-l\u00ednea-B-500x272.jpg 500w\" sizes=\"auto, (max-width: 896px) 100vw, 896px\" \/><\/figure>\n\n\n\n<p>Mediante un comunicado, denunciaron<em>\u00a0el \u00abfaltante de personal, condiciones laborales calamitosas, violaci\u00f3n al convenio colectivo\u00bb<\/em>.\u00a0 <\/p>\n\n\n\n<p>Los trabajadores de la l\u00ednea B del subte iniciaron este viernes a la  madrugada una medida de fuerza que consiste en levantar los molinetes  para que los pasajeros viajen gratis, como reclamo contra de la empresa  Metrov\u00edas por las condiciones laborales.<\/p>\n\n\n\n<p>La medida se inici\u00f3 a las 7 y se extender\u00e1 durante toda la jornada. En un comunicado, los empleados detallaron el <em>\u00abfaltante de personal, condiciones laborales calamitosas, violaci\u00f3n al convenio colectivo\u00bb,<\/em> y le suman <em>\u00abuna  situaci\u00f3n apremiante para la salud de usuarios y trabajadores causada  por la presencia de material cancer\u00edgeno en trenes, estaciones y  t\u00faneles\u00bb<\/em>.<\/p>\n","protected":false},"excerpt":{"rendered":"<p>Mediante un comunicado, denunciaron\u00a0el \u00abfaltante de personal, condiciones laborales calamitosas, violaci\u00f3n al convenio colectivo\u00bb.\u00a0 Los trabajadores de la l\u00ednea B del subte iniciaron este viernes a la madrugada una medida de fuerza que consiste en levantar los molinetes para que los pasajeros viajen gratis, como reclamo contra de la empresa Metrov\u00edas por las condiciones laborales.&hellip;<\/p>\n","protected":false},"author":1,"featured_media":88200,"comment_status":"open","ping_status":"open","sticky":false,"template":"","format":"standard","meta":{"footnotes":""},"categories":[16],"tags":[4912,4211,348],"class_list":["post-88199","post","type-post","status-publish","format-standard","has-post-thumbnail","hentry","category-gremiales","tag-linea-b","tag-molinetes","tag-subterraneos"],"_links":{"self":[{"href":"https:\/\/www.elsindical.com.ar\/notas\/wp-json\/wp\/v2\/posts\/88199","targetHints":{"allow":["GET"]}}],"collection":[{"href":"https:\/\/www.elsindical.com.ar\/notas\/wp-json\/wp\/v2\/posts"}],"about":[{"href":"https:\/\/www.elsindical.com.ar\/notas\/wp-json\/wp\/v2\/types\/post"}],"author":[{"embeddable":true,"href":"https:\/\/www.elsindical.com.ar\/notas\/wp-json\/wp\/v2\/users\/1"}],"replies":[{"embeddable":true,"href":"https:\/\/www.elsindical.com.ar\/notas\/wp-json\/wp\/v2\/comments?post=88199"}],"version-history":[{"count":1,"href":"https:\/\/www.elsindical.com.ar\/notas\/wp-json\/wp\/v2\/posts\/88199\/revisions"}],"predecessor-version":[{"id":88201,"href":"https:\/\/www.elsindical.com.ar\/notas\/wp-json\/wp\/v2\/posts\/88199\/revisions\/88201"}],"wp:featuredmedia":[{"embeddable":true,"href":"https:\/\/www.elsindical.com.ar\/notas\/wp-json\/wp\/v2\/media\/88200"}],"wp:attachment":[{"href":"https:\/\/www.elsindical.com.ar\/notas\/wp-json\/wp\/v2\/media?parent=88199"}],"wp:term":[{"taxonomy":"category","embeddable":true,"href":"https:\/\/www.elsindical.com.ar\/notas\/wp-json\/wp\/v2\/categories?post=88199"},{"taxonomy":"post_tag","embeddable":true,"href":"https:\/\/www.elsindical.com.ar\/notas\/wp-json\/wp\/v2\/tags?post=88199"}],"curies":[{"name":"wp","href":"https:\/\/api.w.org\/{rel}","templated":true}]}}