{"id":88159,"date":"2019-06-26T20:53:11","date_gmt":"2019-06-26T23:53:11","guid":{"rendered":"http:\/\/www.elsindical.com.ar\/notas\/?p=88159"},"modified":"2019-06-26T20:53:11","modified_gmt":"2019-06-26T23:53:11","slug":"camara-de-diputados-aprobo-designar-a-marisa-graham-como-defensora-de-ninos","status":"publish","type":"post","link":"https:\/\/www.elsindical.com.ar\/notas\/camara-de-diputados-aprobo-designar-a-marisa-graham-como-defensora-de-ninos\/","title":{"rendered":"C\u00e1mara de Diputados aprob\u00f3 designar a Marisa Graham como Defensora de Ni\u00f1os"},"content":{"rendered":"\n<figure class=\"wp-block-image\"><img loading=\"lazy\" decoding=\"async\" width=\"570\" height=\"622\" src=\"http:\/\/www.elsindical.com.ar\/notas\/var\/www\/html\/notas\/wp-content\/uploads\/2019\/06\/Marisa-Graham.jpg\" alt=\"\" class=\"wp-image-88160\" srcset=\"https:\/\/www.elsindical.com.ar\/notas\/var\/www\/html\/notas\/wp-content\/uploads\/2019\/06\/Marisa-Graham.jpg 570w, https:\/\/www.elsindical.com.ar\/notas\/var\/www\/html\/notas\/wp-content\/uploads\/2019\/06\/Marisa-Graham-275x300.jpg 275w\" sizes=\"auto, (max-width: 570px) 100vw, 570px\" \/><\/figure>\n\n\n\n<p> La abogada fue  seleccionada entre m\u00e1s de 63 postulantes. Grupos \u201ccelestes\u201d se oponen  por su postura a favor del aborto legal. Su designaci\u00f3n debe ser  refrendada por el Senado. <\/p>\n\n\n\n<p>Este mi\u00e9rcoles, la <strong>C\u00e1mara de Diputados<\/strong>\u00a0<strong>aprob\u00f3 la designaci\u00f3n de la abogada Marisa Graham<\/strong> para ocupar el cargo de <strong>Defensor de Ni\u00f1os, Ni\u00f1as y Adolescentes<\/strong> en una <strong>sesi\u00f3n especial<\/strong>, decisi\u00f3n que <strong>ahora deber\u00e1 refrendar el Senado<\/strong> para que el nombramiento se haga efectivo.<\/p>\n\n\n\n<p>Hace dos meses, cuando la <strong>Comisi\u00f3n Bicameral anunci\u00f3 en el Sal\u00f3n de Pasos Perdidos de la C\u00e1mara de Diputados<\/strong> que <strong>Graham era la elegida<\/strong>, comenz\u00f3 a saldarse una deuda que lleva <strong>14 a\u00f1os<\/strong> pendientes. Exactamente, desde que el puesto fuera creado en 2005, <strong>quedando vacante hasta ahora.<\/strong><\/p>\n\n\n\n<p>La <strong>especialista en derecho de familia<\/strong>, ex titular  del Consejo del Menor y la Familia y ex Directora de Ni\u00f1ez y  Adolescencia del Gobierno de la Ciudad de Buenos Aires fue seleccionada  entre<strong> 63 candidatos y 14 finalistas<\/strong>.<\/p>\n\n\n\n<p>A trav\u00e9s de un <strong>examen escrito y la presentaci\u00f3n de diversos planes de trabajo<\/strong>, los postulantes han sido evaluados por una comisi\u00f3n bicameral.<\/p>\n\n\n\n<p><strong>Graham super\u00f3 todas las etapas<\/strong> y obtuvo el visto \nbueno del total de los integrantes del cuerpo. Pero fuera de ese c\u00edrculo\n de confianza no todas las voces se alzaron a su favor.<\/p>\n","protected":false},"excerpt":{"rendered":"<p>La abogada fue seleccionada entre m\u00e1s de 63 postulantes. Grupos \u201ccelestes\u201d se oponen por su postura a favor del aborto legal. Su designaci\u00f3n debe ser refrendada por el Senado. Este mi\u00e9rcoles, la C\u00e1mara de Diputados\u00a0aprob\u00f3 la designaci\u00f3n de la abogada Marisa Graham para ocupar el cargo de Defensor de Ni\u00f1os, Ni\u00f1as y Adolescentes en una&hellip;<\/p>\n","protected":false},"author":1,"featured_media":88160,"comment_status":"open","ping_status":"open","sticky":false,"template":"","format":"standard","meta":{"footnotes":""},"categories":[13],"tags":[86,31163,31162],"class_list":["post-88159","post","type-post","status-publish","format-standard","has-post-thumbnail","hentry","category-politica","tag-congreso","tag-defensora-de-ninos","tag-marisa-graham"],"_links":{"self":[{"href":"https:\/\/www.elsindical.com.ar\/notas\/wp-json\/wp\/v2\/posts\/88159","targetHints":{"allow":["GET"]}}],"collection":[{"href":"https:\/\/www.elsindical.com.ar\/notas\/wp-json\/wp\/v2\/posts"}],"about":[{"href":"https:\/\/www.elsindical.com.ar\/notas\/wp-json\/wp\/v2\/types\/post"}],"author":[{"embeddable":true,"href":"https:\/\/www.elsindical.com.ar\/notas\/wp-json\/wp\/v2\/users\/1"}],"replies":[{"embeddable":true,"href":"https:\/\/www.elsindical.com.ar\/notas\/wp-json\/wp\/v2\/comments?post=88159"}],"version-history":[{"count":1,"href":"https:\/\/www.elsindical.com.ar\/notas\/wp-json\/wp\/v2\/posts\/88159\/revisions"}],"predecessor-version":[{"id":88161,"href":"https:\/\/www.elsindical.com.ar\/notas\/wp-json\/wp\/v2\/posts\/88159\/revisions\/88161"}],"wp:featuredmedia":[{"embeddable":true,"href":"https:\/\/www.elsindical.com.ar\/notas\/wp-json\/wp\/v2\/media\/88160"}],"wp:attachment":[{"href":"https:\/\/www.elsindical.com.ar\/notas\/wp-json\/wp\/v2\/media?parent=88159"}],"wp:term":[{"taxonomy":"category","embeddable":true,"href":"https:\/\/www.elsindical.com.ar\/notas\/wp-json\/wp\/v2\/categories?post=88159"},{"taxonomy":"post_tag","embeddable":true,"href":"https:\/\/www.elsindical.com.ar\/notas\/wp-json\/wp\/v2\/tags?post=88159"}],"curies":[{"name":"wp","href":"https:\/\/api.w.org\/{rel}","templated":true}]}}