{"id":88042,"date":"2019-06-22T09:42:32","date_gmt":"2019-06-22T12:42:32","guid":{"rendered":"http:\/\/www.elsindical.com.ar\/notas\/?p=88042"},"modified":"2019-06-22T09:42:32","modified_gmt":"2019-06-22T12:42:32","slug":"cosugas-s-a-una-empresa-peligrosa-e-impune","status":"publish","type":"post","link":"https:\/\/www.elsindical.com.ar\/notas\/cosugas-s-a-una-empresa-peligrosa-e-impune\/","title":{"rendered":"COSUGAS S.A. una empresa peligrosa e impune"},"content":{"rendered":"\n<figure class=\"wp-block-image\"><img loading=\"lazy\" decoding=\"async\" width=\"1024\" height=\"613\" src=\"http:\/\/www.elsindical.com.ar\/notas\/var\/www\/html\/notas\/wp-content\/uploads\/2019\/06\/maderas-COSUGAS-en-Av-Belgrano-1024x613.jpg\" alt=\"\" class=\"wp-image-88043\" srcset=\"https:\/\/www.elsindical.com.ar\/notas\/var\/www\/html\/notas\/wp-content\/uploads\/2019\/06\/maderas-COSUGAS-en-Av-Belgrano-1024x613.jpg 1024w, https:\/\/www.elsindical.com.ar\/notas\/var\/www\/html\/notas\/wp-content\/uploads\/2019\/06\/maderas-COSUGAS-en-Av-Belgrano-300x180.jpg 300w, https:\/\/www.elsindical.com.ar\/notas\/var\/www\/html\/notas\/wp-content\/uploads\/2019\/06\/maderas-COSUGAS-en-Av-Belgrano-768x460.jpg 768w, https:\/\/www.elsindical.com.ar\/notas\/var\/www\/html\/notas\/wp-content\/uploads\/2019\/06\/maderas-COSUGAS-en-Av-Belgrano-500x300.jpg 500w, https:\/\/www.elsindical.com.ar\/notas\/var\/www\/html\/notas\/wp-content\/uploads\/2019\/06\/maderas-COSUGAS-en-Av-Belgrano.jpg 1130w\" sizes=\"auto, (max-width: 1024px) 100vw, 1024px\" \/><\/figure>\n\n\n\n<p>  Ya he perdido la cuenta de las veces que he mencionado a la empresa COSUGAS S.A. y la negligencia con la que suelen trabajar en la v\u00eda p\u00fablica exponiendo a miles de ciudadanos a sufrir da\u00f1os en sus veh\u00edculos en el mejor de los casos o sufrir accidentes.<\/p>\n\n\n\n<p>Por la forma de vida donde todo es r\u00e1pido y la gente prefiere no perder el tiempo reclamando por la burocracia que estas empresas tienen para asumir sus responsabilidades, haciendo las cosas f\u00e1ciles, contratan un seguro, trabajan como se les canta y si pasa algo que responda el seguro y el damnificado que reniegue con ellos.<\/p>\n\n\n\n<p>En un pa\u00eds serio y organizado, esto no ocurrir\u00eda porque independientemente de que el seguro pague, ser\u00edan severamente sancionados por su conducta negligente.<\/p>\n\n\n\n<p>Anoche, circulando por Av. Belgrano antes de llegar a Paso, con tr\u00e1nsito r\u00e1pido me encuentro con un nuevo \u00abregalito\u00bb de los inoperantes de COSUGAS, unas maderas tiradas en la avenida y la imposibilidad de esquivarlas o frenar por la cercan\u00eda de una camioneta, al pasar parte de la madera golpe\u00f3 el auto, la camioneta obvio pas\u00f3 sin grandes problemas, pero la idea es que una avenida no puede tener objetos peligrosos y en esto las responsabilidades son compartidas con el municipio de Avellaneda, que conduce Jorge Ferraresi porque el lugar tiene varias c\u00e1maras del Centro Municipal de Monitoreo, es decir, a ninguno de los operadores le pareci\u00f3 sensato avisar y que limpien la calle.<\/p>\n\n\n\n<iframe loading=\"lazy\" width=\"580\" height=\"420\" src=\"https:\/\/www.youtube.com\/embed\/duYzp5Aa6QE\" frameborder=\"0\" allow=\"accelerometer; autoplay; encrypted-media; gyroscope; picture-in-picture\" allowfullscreen><\/iframe>\n","protected":false},"excerpt":{"rendered":"<p>Ya he perdido la cuenta de las veces que he mencionado a la empresa COSUGAS S.A. y la negligencia con la que suelen trabajar en la v\u00eda p\u00fablica exponiendo a miles de ciudadanos a sufrir da\u00f1os en sus veh\u00edculos en el mejor de los casos o sufrir accidentes. Por la forma de vida donde todo&hellip;<\/p>\n","protected":false},"author":1,"featured_media":88043,"comment_status":"open","ping_status":"open","sticky":false,"template":"","format":"standard","meta":{"footnotes":""},"categories":[6],"tags":[1355,461,28562,1062],"class_list":["post-88042","post","type-post","status-publish","format-standard","has-post-thumbnail","hentry","category-denuncias","tag-accidentes","tag-avellaneda","tag-cosugas-s-a","tag-jorge-ferraresi"],"_links":{"self":[{"href":"https:\/\/www.elsindical.com.ar\/notas\/wp-json\/wp\/v2\/posts\/88042","targetHints":{"allow":["GET"]}}],"collection":[{"href":"https:\/\/www.elsindical.com.ar\/notas\/wp-json\/wp\/v2\/posts"}],"about":[{"href":"https:\/\/www.elsindical.com.ar\/notas\/wp-json\/wp\/v2\/types\/post"}],"author":[{"embeddable":true,"href":"https:\/\/www.elsindical.com.ar\/notas\/wp-json\/wp\/v2\/users\/1"}],"replies":[{"embeddable":true,"href":"https:\/\/www.elsindical.com.ar\/notas\/wp-json\/wp\/v2\/comments?post=88042"}],"version-history":[{"count":1,"href":"https:\/\/www.elsindical.com.ar\/notas\/wp-json\/wp\/v2\/posts\/88042\/revisions"}],"predecessor-version":[{"id":88044,"href":"https:\/\/www.elsindical.com.ar\/notas\/wp-json\/wp\/v2\/posts\/88042\/revisions\/88044"}],"wp:featuredmedia":[{"embeddable":true,"href":"https:\/\/www.elsindical.com.ar\/notas\/wp-json\/wp\/v2\/media\/88043"}],"wp:attachment":[{"href":"https:\/\/www.elsindical.com.ar\/notas\/wp-json\/wp\/v2\/media?parent=88042"}],"wp:term":[{"taxonomy":"category","embeddable":true,"href":"https:\/\/www.elsindical.com.ar\/notas\/wp-json\/wp\/v2\/categories?post=88042"},{"taxonomy":"post_tag","embeddable":true,"href":"https:\/\/www.elsindical.com.ar\/notas\/wp-json\/wp\/v2\/tags?post=88042"}],"curies":[{"name":"wp","href":"https:\/\/api.w.org\/{rel}","templated":true}]}}