{"id":87861,"date":"2019-06-12T09:26:34","date_gmt":"2019-06-12T12:26:34","guid":{"rendered":"http:\/\/www.elsindical.com.ar\/notas\/?p=87861"},"modified":"2019-06-12T09:26:34","modified_gmt":"2019-06-12T12:26:34","slug":"parque-avellaneda-investigan-asesinato-de-matrimonio-de-ancianos","status":"publish","type":"post","link":"https:\/\/www.elsindical.com.ar\/notas\/parque-avellaneda-investigan-asesinato-de-matrimonio-de-ancianos\/","title":{"rendered":"Parque Avellaneda: Investigan asesinato de matrimonio de ancianos"},"content":{"rendered":"\n<figure class=\"wp-block-image\"><img loading=\"lazy\" decoding=\"async\" width=\"855\" height=\"422\" src=\"http:\/\/www.elsindical.com.ar\/notas\/var\/www\/html\/notas\/wp-content\/uploads\/2019\/06\/asesinato-ancianos-Parque-Avellaneda.jpg\" alt=\"\" class=\"wp-image-87862\" srcset=\"https:\/\/www.elsindical.com.ar\/notas\/var\/www\/html\/notas\/wp-content\/uploads\/2019\/06\/asesinato-ancianos-Parque-Avellaneda.jpg 855w, https:\/\/www.elsindical.com.ar\/notas\/var\/www\/html\/notas\/wp-content\/uploads\/2019\/06\/asesinato-ancianos-Parque-Avellaneda-300x148.jpg 300w, https:\/\/www.elsindical.com.ar\/notas\/var\/www\/html\/notas\/wp-content\/uploads\/2019\/06\/asesinato-ancianos-Parque-Avellaneda-768x379.jpg 768w, https:\/\/www.elsindical.com.ar\/notas\/var\/www\/html\/notas\/wp-content\/uploads\/2019\/06\/asesinato-ancianos-Parque-Avellaneda-500x247.jpg 500w\" sizes=\"auto, (max-width: 855px) 100vw, 855px\" \/><\/figure>\n\n\n\n<p class=\"wp-block-paragraph\"> La principal hip\u00f3tesis es que los ejecutaron durante un robo. Ten\u00edan 63 y 71 a\u00f1os. <\/p>\n\n\n\n<p class=\"wp-block-paragraph\">Un matrimonio fue <strong>asesinado<\/strong> a balazos en su vivienda del barrio porte\u00f1o de <strong>Parque Avellaneda<\/strong> y los investigadores creen que los mataron<strong> durante un robo<\/strong>, informaron fuentes policiales.<\/p>\n\n\n\n<p class=\"wp-block-paragraph\">El <strong>hecho fue descubierto alrededor de las 15.55<\/strong>, \ncuando efectivos de la comisar\u00eda vecinal 9C de la Polic\u00eda de la Ciudad \nque recorr\u00edan la zona observaron que el port\u00f3n de una casa, ubicada \nsobre General Eugenio Garz\u00f3n al 3500, se encontraba abierto.<\/p>\n\n\n\n<p class=\"wp-block-paragraph\">Ante esta situaci\u00f3n, los uniformados intentaron avisarle a los  moradores de la vivienda pero no obtuvieron respuesta, informaron  voceros policiales.<\/p>\n\n\n\n<p class=\"wp-block-paragraph\"><strong>A ra\u00edz de ello, un vecino se acerc\u00f3 a los polic\u00edas<\/strong> y  les coment\u00f3 que a una cuadra viv\u00eda la hija del matrimonio que habitaba  la casa, por lo que finalmente le dieron aviso a la mujer y ella los  acompa\u00f1\u00f3 al interior de la finca.<\/p>\n\n\n\n<p class=\"wp-block-paragraph\">De acuerdo a los voceros,<strong> al ingresar a la vivienda notaron un gran desorden y encontraron asesinados al hombre<\/strong> -con un almohad\u00f3n sobre la cabeza y dos orificios de bala- y a la mujer, tambi\u00e9n aparentemente baleada.<\/p>\n\n\n\n<p class=\"wp-block-paragraph\">Las v\u00edctimas fueron identificadas como Alfredo Chirino y Mar\u00eda Delia \nSperanza, y los pesquisas intentaban determinar si faltaban elementos de\n valor o dinero perteneciente al matrimonio, a\u00f1adieron los informantes.<\/p>\n\n\n\n<p class=\"wp-block-paragraph\">Intervino en la causa la Fiscal\u00eda Criminal y Correccional 1 porte\u00f1a, a\n cargo de Estela Andrades, quien orden\u00f3 que se preservara la escena del \ncrimen y caratul\u00f3 el hecho como \u00abhomicidio en ocasi\u00f3n de robo\u00bb.<\/p>\n\n\n\n<p class=\"wp-block-paragraph\">Adem\u00e1s, la fiscal solicit\u00f3 la presencia de la Unidad Criminal\u00edstica \nM\u00f3vil, de personal de la Divisi\u00f3n Homicidios de la Polic\u00eda Federal \nArgentina (PFA) y ambulancias del SAME, como as\u00ed tambi\u00e9n el relevo de \nlas c\u00e1maras de seguridad de la zona para intentar identificar a los \nagresores.<\/p>\n","protected":false},"excerpt":{"rendered":"<p>La principal hip\u00f3tesis es que los ejecutaron durante un robo. Ten\u00edan 63 y 71 a\u00f1os. Un matrimonio fue asesinado a balazos en su vivienda del barrio porte\u00f1o de Parque Avellaneda y los investigadores creen que los mataron durante un robo, informaron fuentes policiales. El hecho fue descubierto alrededor de las 15.55, cuando efectivos de la&hellip;<\/p>\n","protected":false},"author":1,"featured_media":87862,"comment_status":"open","ping_status":"open","sticky":false,"template":"","format":"standard","meta":{"footnotes":""},"categories":[22],"tags":[31069,7065],"class_list":["post-87861","post","type-post","status-publish","format-standard","has-post-thumbnail","hentry","category-policiales","tag-pareja-de-ancianos","tag-parque-avellaneda"],"_links":{"self":[{"href":"https:\/\/www.elsindical.com.ar\/notas\/wp-json\/wp\/v2\/posts\/87861","targetHints":{"allow":["GET"]}}],"collection":[{"href":"https:\/\/www.elsindical.com.ar\/notas\/wp-json\/wp\/v2\/posts"}],"about":[{"href":"https:\/\/www.elsindical.com.ar\/notas\/wp-json\/wp\/v2\/types\/post"}],"author":[{"embeddable":true,"href":"https:\/\/www.elsindical.com.ar\/notas\/wp-json\/wp\/v2\/users\/1"}],"replies":[{"embeddable":true,"href":"https:\/\/www.elsindical.com.ar\/notas\/wp-json\/wp\/v2\/comments?post=87861"}],"version-history":[{"count":1,"href":"https:\/\/www.elsindical.com.ar\/notas\/wp-json\/wp\/v2\/posts\/87861\/revisions"}],"predecessor-version":[{"id":87863,"href":"https:\/\/www.elsindical.com.ar\/notas\/wp-json\/wp\/v2\/posts\/87861\/revisions\/87863"}],"wp:featuredmedia":[{"embeddable":true,"href":"https:\/\/www.elsindical.com.ar\/notas\/wp-json\/wp\/v2\/media\/87862"}],"wp:attachment":[{"href":"https:\/\/www.elsindical.com.ar\/notas\/wp-json\/wp\/v2\/media?parent=87861"}],"wp:term":[{"taxonomy":"category","embeddable":true,"href":"https:\/\/www.elsindical.com.ar\/notas\/wp-json\/wp\/v2\/categories?post=87861"},{"taxonomy":"post_tag","embeddable":true,"href":"https:\/\/www.elsindical.com.ar\/notas\/wp-json\/wp\/v2\/tags?post=87861"}],"curies":[{"name":"wp","href":"https:\/\/api.w.org\/{rel}","templated":true}]}}