{"id":87831,"date":"2019-06-10T11:52:15","date_gmt":"2019-06-10T14:52:15","guid":{"rendered":"http:\/\/www.elsindical.com.ar\/notas\/?p=87831"},"modified":"2019-06-10T11:52:15","modified_gmt":"2019-06-10T14:52:15","slug":"otra-vez-la-policia-de-larreta-detiene-a-delegados-del-laboratorio-craveri-que-protestaban-contra-despidos","status":"publish","type":"post","link":"https:\/\/www.elsindical.com.ar\/notas\/otra-vez-la-policia-de-larreta-detiene-a-delegados-del-laboratorio-craveri-que-protestaban-contra-despidos\/","title":{"rendered":"Otra vez la polic\u00eda de Larreta detiene a delegados del Laboratorio Craveri que protestaban contra despidos"},"content":{"rendered":"\n<figure class=\"wp-block-image\"><img loading=\"lazy\" decoding=\"async\" width=\"1024\" height=\"576\" src=\"http:\/\/www.elsindical.com.ar\/notas\/var\/www\/html\/notas\/wp-content\/uploads\/2019\/06\/delegado-detenido-1024x576.jpg\" alt=\"\" class=\"wp-image-87832\" srcset=\"https:\/\/www.elsindical.com.ar\/notas\/var\/www\/html\/notas\/wp-content\/uploads\/2019\/06\/delegado-detenido-1024x576.jpg 1024w, https:\/\/www.elsindical.com.ar\/notas\/var\/www\/html\/notas\/wp-content\/uploads\/2019\/06\/delegado-detenido-300x169.jpg 300w, https:\/\/www.elsindical.com.ar\/notas\/var\/www\/html\/notas\/wp-content\/uploads\/2019\/06\/delegado-detenido-768x432.jpg 768w, https:\/\/www.elsindical.com.ar\/notas\/var\/www\/html\/notas\/wp-content\/uploads\/2019\/06\/delegado-detenido-500x281.jpg 500w, https:\/\/www.elsindical.com.ar\/notas\/var\/www\/html\/notas\/wp-content\/uploads\/2019\/06\/delegado-detenido-460x260.jpg 460w, https:\/\/www.elsindical.com.ar\/notas\/var\/www\/html\/notas\/wp-content\/uploads\/2019\/06\/delegado-detenido.jpg 1200w\" sizes=\"auto, (max-width: 1024px) 100vw, 1024px\" \/><\/figure>\n\n\n\n<p> La polic\u00eda porte\u00f1a detuvo y se llev\u00f3 esposado a  un delegado de Sanidad del laboratorio en el marco de una protesta por  los 47 despidos. Es la tercera intervenci\u00f3n de este tipo. <\/p>\n\n\n\n<p>En otro grave episodio, <strong>en la ma\u00f1ana de hoy detuvieron y se \nllevaron esposados a dos delegados gremiales que encabezaban una \nprotesta en la puerta del Laboratoria Craveri, en el barrio porte\u00f1o de \nDevoto, por 47 despidos.<\/strong><\/p>\n\n\n\n<p>En esta oportunidad se trata de <strong>Carlos Zinser delegado de Sanidad Buenos Aires y de Gisele Ledesma<\/strong>, tambi\u00e9n delegada del gremio que comanda H\u00e9ctor Daer, l\u00edder de la CGT.<\/p>\n\n\n\n<p><strong>El jueves la polic\u00eda porte\u00f1a, misma fuerza que actu\u00f3 esta \nma\u00f1ana, detuvo a Facundo Guti\u00e9rrez, tambi\u00e9n representante de los \nempleados de Craveri <\/strong>en una zaga de represi\u00f3n que no tiene precedentes en la historia reciente de los conflictos laborales.<\/p>\n\n\n\n<p>En\n aquella oportunidad el gremio improvis\u00f3 de inmediato una marcha para \nreclamar su liberaci\u00f3n, cosa que se espera que ocurra ahora tambi\u00e9n.<\/p>\n\n\n\n<p>A\n principios de marzo los delegados del gremio de Sanidad tambi\u00e9n hab\u00edan \nsido detenidos por encabezar una protesta por el mismo motivo. En aquel \nmomento rueron llevados primero a la comisar\u00eda 6A en Acoyte y D\u00edaz Velez\n y m\u00e1s tardes los trasladaron a la fiscal\u00eda.<\/p>\n\n\n\n<p>Los episodios \nimplican un fuerte retroceso en materia de derechos sindicales y en el \nderecho a la protesta. La polic\u00eda interviene para disciplinar a \ntrabajadores que reclaman lo que estipula la ley.<\/p>\n\n\n\n<p>En concreto \nbuscan sostener sus puestos de trabajo o cobrar lo que corresponde \nlegalmente en caso de ser cesanteado y no tener chances de ser \nreincorporado.<\/p>\n","protected":false},"excerpt":{"rendered":"<p>La polic\u00eda porte\u00f1a detuvo y se llev\u00f3 esposado a un delegado de Sanidad del laboratorio en el marco de una protesta por los 47 despidos. Es la tercera intervenci\u00f3n de este tipo. En otro grave episodio, en la ma\u00f1ana de hoy detuvieron y se llevaron esposados a dos delegados gremiales que encabezaban una protesta en&hellip;<\/p>\n","protected":false},"author":1,"featured_media":87832,"comment_status":"open","ping_status":"open","sticky":false,"template":"","format":"standard","meta":{"footnotes":""},"categories":[16],"tags":[31063,31061,523,31062,292],"class_list":["post-87831","post","type-post","status-publish","format-standard","has-post-thumbnail","hentry","category-gremiales","tag-carlos-zinser","tag-craveri","tag-delegado","tag-laboratorios-craveri","tag-protesta"],"_links":{"self":[{"href":"https:\/\/www.elsindical.com.ar\/notas\/wp-json\/wp\/v2\/posts\/87831","targetHints":{"allow":["GET"]}}],"collection":[{"href":"https:\/\/www.elsindical.com.ar\/notas\/wp-json\/wp\/v2\/posts"}],"about":[{"href":"https:\/\/www.elsindical.com.ar\/notas\/wp-json\/wp\/v2\/types\/post"}],"author":[{"embeddable":true,"href":"https:\/\/www.elsindical.com.ar\/notas\/wp-json\/wp\/v2\/users\/1"}],"replies":[{"embeddable":true,"href":"https:\/\/www.elsindical.com.ar\/notas\/wp-json\/wp\/v2\/comments?post=87831"}],"version-history":[{"count":1,"href":"https:\/\/www.elsindical.com.ar\/notas\/wp-json\/wp\/v2\/posts\/87831\/revisions"}],"predecessor-version":[{"id":87833,"href":"https:\/\/www.elsindical.com.ar\/notas\/wp-json\/wp\/v2\/posts\/87831\/revisions\/87833"}],"wp:featuredmedia":[{"embeddable":true,"href":"https:\/\/www.elsindical.com.ar\/notas\/wp-json\/wp\/v2\/media\/87832"}],"wp:attachment":[{"href":"https:\/\/www.elsindical.com.ar\/notas\/wp-json\/wp\/v2\/media?parent=87831"}],"wp:term":[{"taxonomy":"category","embeddable":true,"href":"https:\/\/www.elsindical.com.ar\/notas\/wp-json\/wp\/v2\/categories?post=87831"},{"taxonomy":"post_tag","embeddable":true,"href":"https:\/\/www.elsindical.com.ar\/notas\/wp-json\/wp\/v2\/tags?post=87831"}],"curies":[{"name":"wp","href":"https:\/\/api.w.org\/{rel}","templated":true}]}}