{"id":87828,"date":"2019-06-10T11:44:57","date_gmt":"2019-06-10T14:44:57","guid":{"rendered":"http:\/\/www.elsindical.com.ar\/notas\/?p=87828"},"modified":"2019-06-10T11:44:57","modified_gmt":"2019-06-10T14:44:57","slug":"lomas-de-zamora-vecinos-de-temperley-marchan-por-mas-seguridad","status":"publish","type":"post","link":"https:\/\/www.elsindical.com.ar\/notas\/lomas-de-zamora-vecinos-de-temperley-marchan-por-mas-seguridad\/","title":{"rendered":"Lomas de Zamora: Vecinos de Temperley marchan por m\u00e1s seguridad"},"content":{"rendered":"\n<figure class=\"wp-block-image\"><img loading=\"lazy\" decoding=\"async\" width=\"454\" height=\"653\" src=\"http:\/\/www.elsindical.com.ar\/notas\/var\/www\/html\/notas\/wp-content\/uploads\/2019\/06\/Guillermo-Luquin-d\u00edacono.jpg\" alt=\"\" class=\"wp-image-87829\" srcset=\"https:\/\/www.elsindical.com.ar\/notas\/var\/www\/html\/notas\/wp-content\/uploads\/2019\/06\/Guillermo-Luquin-d\u00edacono.jpg 454w, https:\/\/www.elsindical.com.ar\/notas\/var\/www\/html\/notas\/wp-content\/uploads\/2019\/06\/Guillermo-Luquin-d\u00edacono-209x300.jpg 209w\" sizes=\"auto, (max-width: 454px) 100vw, 454px\" \/><\/figure>\n\n\n\n<p>Tras el crimen del di\u00e1cono del Colegio Nuestra Se\u00f1ora del Carmen, \nGuillermo Luqu\u00edn, ocurrido este domingo en su casa de Temperley, vecinos\n de esa localidad anunciaron que este lunes realizar\u00e1n una marcha en esa\n zona, en reclamo de seguridad.<\/p>\n\n\n\n<p>Desde distintos grupos de seguridad de la zona de Temperley Este y \nVilla Galicia \u2013 que se conectan por Whatsapp y organizan reuniones con \nfuncionarios por temas de seguridad \u2013 ven\u00edan denunciando el crecimiento \nde los robos en esas dos zonas del partido de Lomas de Zamora.<\/p>\n\n\n\n<p>\u201cLo del di\u00e1cono Guillermo colm\u00f3 el vaso. Queremos que se haga  justicia en este caso y que nos brinden la seguridad que necesitamos  como vecinos\u201d, afirm\u00f3 una vecina que convoca a la marcha que se  realizar\u00e1 este lunes, a las 20:00 hs., desde Bombero Ari\u00f1o y Allemandri, a  metros de la vivienda del hombre asesinado, hasta la Parroquia Nuestra  Se\u00f1ora del Carmen, en Cerrito al 13, en Temperley.<\/p>\n\n\n\n<p>La convocatoria ya se viraliz\u00f3 por redes sociales y los vecinos \nconvocan a \u201cvisibilizar la situaci\u00f3n de inseguridad\u201d en Temperley y \nVilla Galicia, a la vez que denuncian el crecimiento del accionar de \nmotochorros y las entraderas en esas zonas.<\/p>\n","protected":false},"excerpt":{"rendered":"<p>Tras el crimen del di\u00e1cono del Colegio Nuestra Se\u00f1ora del Carmen, Guillermo Luqu\u00edn, ocurrido este domingo en su casa de Temperley, vecinos de esa localidad anunciaron que este lunes realizar\u00e1n una marcha en esa zona, en reclamo de seguridad. Desde distintos grupos de seguridad de la zona de Temperley Este y Villa Galicia \u2013 que&hellip;<\/p>\n","protected":false},"author":1,"featured_media":87829,"comment_status":"open","ping_status":"open","sticky":false,"template":"","format":"standard","meta":{"footnotes":""},"categories":[25],"tags":[31060,984,744,1430],"class_list":["post-87828","post","type-post","status-publish","format-standard","has-post-thumbnail","hentry","category-sociedad","tag-guillermo-luquin-2","tag-inseguridad","tag-lomas-de-zamora","tag-temperley"],"_links":{"self":[{"href":"https:\/\/www.elsindical.com.ar\/notas\/wp-json\/wp\/v2\/posts\/87828","targetHints":{"allow":["GET"]}}],"collection":[{"href":"https:\/\/www.elsindical.com.ar\/notas\/wp-json\/wp\/v2\/posts"}],"about":[{"href":"https:\/\/www.elsindical.com.ar\/notas\/wp-json\/wp\/v2\/types\/post"}],"author":[{"embeddable":true,"href":"https:\/\/www.elsindical.com.ar\/notas\/wp-json\/wp\/v2\/users\/1"}],"replies":[{"embeddable":true,"href":"https:\/\/www.elsindical.com.ar\/notas\/wp-json\/wp\/v2\/comments?post=87828"}],"version-history":[{"count":1,"href":"https:\/\/www.elsindical.com.ar\/notas\/wp-json\/wp\/v2\/posts\/87828\/revisions"}],"predecessor-version":[{"id":87830,"href":"https:\/\/www.elsindical.com.ar\/notas\/wp-json\/wp\/v2\/posts\/87828\/revisions\/87830"}],"wp:featuredmedia":[{"embeddable":true,"href":"https:\/\/www.elsindical.com.ar\/notas\/wp-json\/wp\/v2\/media\/87829"}],"wp:attachment":[{"href":"https:\/\/www.elsindical.com.ar\/notas\/wp-json\/wp\/v2\/media?parent=87828"}],"wp:term":[{"taxonomy":"category","embeddable":true,"href":"https:\/\/www.elsindical.com.ar\/notas\/wp-json\/wp\/v2\/categories?post=87828"},{"taxonomy":"post_tag","embeddable":true,"href":"https:\/\/www.elsindical.com.ar\/notas\/wp-json\/wp\/v2\/tags?post=87828"}],"curies":[{"name":"wp","href":"https:\/\/api.w.org\/{rel}","templated":true}]}}