{"id":87822,"date":"2019-06-10T11:26:30","date_gmt":"2019-06-10T14:26:30","guid":{"rendered":"http:\/\/www.elsindical.com.ar\/notas\/?p=87822"},"modified":"2019-06-10T11:26:40","modified_gmt":"2019-06-10T14:26:40","slug":"la-justicia-ratifico-la-reinstalacion-de-alejandra-vercellino-siam-tiene-que-cumplir","status":"publish","type":"post","link":"https:\/\/www.elsindical.com.ar\/notas\/la-justicia-ratifico-la-reinstalacion-de-alejandra-vercellino-siam-tiene-que-cumplir\/","title":{"rendered":"La justicia ratific\u00f3 la reinstalaci\u00f3n de Alejandra Vercellino: SIAM tiene que cumplir"},"content":{"rendered":"\n<figure class=\"wp-block-image\"><img loading=\"lazy\" decoding=\"async\" width=\"476\" height=\"248\" src=\"http:\/\/www.elsindical.com.ar\/notas\/var\/www\/html\/notas\/wp-content\/uploads\/2019\/06\/despidos-SIAM-protesta.jpg\" alt=\"\" class=\"wp-image-87823\" srcset=\"https:\/\/www.elsindical.com.ar\/notas\/var\/www\/html\/notas\/wp-content\/uploads\/2019\/06\/despidos-SIAM-protesta.jpg 476w, https:\/\/www.elsindical.com.ar\/notas\/var\/www\/html\/notas\/wp-content\/uploads\/2019\/06\/despidos-SIAM-protesta-300x156.jpg 300w\" sizes=\"auto, (max-width: 476px) 100vw, 476px\" \/><\/figure>\n\n\n\n<p>A pocos d\u00edas de cumplirse siete meses de que la empresa Newsan-Siam nos despidiera de forma persecutoria y discriminatoria, la justicia volvi\u00f3 a fallar a favor de nuestra compa\u00f1era Alejandra Vercellino, delegada electa por los trabajadores y activista por los derechos de las mujeres, quien cuenta ya con dos sentencias de la justicia ordenando su reincorporaci\u00f3n: una del juzgado nacional de primera instancia laboral N\u00b041 y la segunda ratificando la primera de la Sala III de la C\u00e1mara Nacional de Apelaciones del Trabajo. No vamos a tolerar m\u00e1s dilaciones. La empresa tiene que cumplir de manera inmediata. Exigimos que cumpla con la Justicia y reincorpore ya  a Alejandra Vercellino.<\/p>\n\n\n\n<p>Estos fallos est\u00e1n acompa\u00f1ados por el Amicus Curiae presentado por Mirta Baravalle de Madres de Plaza de Mayo L\u00ednea Fundadora, Diego Morales del Cels y Cynthia Astrid Benzon de la Asociaci\u00f3n de Abogados Laboralistas, junto a Myriam Bregman del Centro de Profesionales por los Derechos Humanos (Ceprodh), mediante el cual han intervenido para proteger el derecho al trabajo que est\u00e1 siendo gravemente afectado. Es el caso tambi\u00e9n de Elais Viegas y Cristian Mendoza, quienes cuentan con fallos de primera instancia para ingresar nuevamente a sus puestos de trabajo.<\/p>\n\n\n\n<p>Hemos recibido durante estos meses una gran solidaridad de organizaciones de DDHH, gremiales, estudiantiles y personalidades, como Nora Corti\u00f1as,  Adolfo P\u00e9rez Esquivel, el colectivo del movimiento de mujeres Ni Una Menos, CTA Avellaneda, FUNDAV y referentes pol\u00edticos como Patricia Walsh, Leonardo Grosso, Victoria Donda y Nicol\u00e1s del Ca\u00f1o, entre tantos otros. Tambi\u00e9n nos han brindado su c\u00e1lido apoyo los vecinos de los barrios el Fort\u00edn &#8211; Villa Castellino que se encuentran frente a la planta en Pi\u00f1eyro.<\/p>\n\n\n\n<p>No obstante, la empresa Siam no nos deja entrar a trabajar, incluso cuando ya fue notificada por c\u00e9dulas del juzgado y cartas documento mandadas a tal fin por Alejandra. Exigimos que cumpla YA con la Justicia y reincorpore de manera inmediata a Alejandra Vercellino. Continuaremos con las medidas de lucha en defensa de nuestros derechos y por su reincorporaci\u00f3n hasta que sea necesario.<\/p>\n\n\n\n<p>Contacto:<br>\n.Alejandra: 11-2282-6950<br>\n.Cristian: 11-4448-4058<br>\n.Gustavo Intrieri: (abogado de los trabajadores) 11-6754-6179 <\/p>\n","protected":false},"excerpt":{"rendered":"<p>A pocos d\u00edas de cumplirse siete meses de que la empresa Newsan-Siam nos despidiera de forma persecutoria y discriminatoria, la justicia volvi\u00f3 a fallar a favor de nuestra compa\u00f1era Alejandra Vercellino, delegada electa por los trabajadores y activista por los derechos de las mujeres, quien cuenta ya con dos sentencias de la justicia ordenando su&hellip;<\/p>\n","protected":false},"author":1,"featured_media":87823,"comment_status":"open","ping_status":"open","sticky":false,"template":"","format":"standard","meta":{"footnotes":""},"categories":[20],"tags":[41,17260],"class_list":["post-87822","post","type-post","status-publish","format-standard","has-post-thumbnail","hentry","category-judiciales","tag-justicia","tag-siam"],"_links":{"self":[{"href":"https:\/\/www.elsindical.com.ar\/notas\/wp-json\/wp\/v2\/posts\/87822","targetHints":{"allow":["GET"]}}],"collection":[{"href":"https:\/\/www.elsindical.com.ar\/notas\/wp-json\/wp\/v2\/posts"}],"about":[{"href":"https:\/\/www.elsindical.com.ar\/notas\/wp-json\/wp\/v2\/types\/post"}],"author":[{"embeddable":true,"href":"https:\/\/www.elsindical.com.ar\/notas\/wp-json\/wp\/v2\/users\/1"}],"replies":[{"embeddable":true,"href":"https:\/\/www.elsindical.com.ar\/notas\/wp-json\/wp\/v2\/comments?post=87822"}],"version-history":[{"count":1,"href":"https:\/\/www.elsindical.com.ar\/notas\/wp-json\/wp\/v2\/posts\/87822\/revisions"}],"predecessor-version":[{"id":87824,"href":"https:\/\/www.elsindical.com.ar\/notas\/wp-json\/wp\/v2\/posts\/87822\/revisions\/87824"}],"wp:featuredmedia":[{"embeddable":true,"href":"https:\/\/www.elsindical.com.ar\/notas\/wp-json\/wp\/v2\/media\/87823"}],"wp:attachment":[{"href":"https:\/\/www.elsindical.com.ar\/notas\/wp-json\/wp\/v2\/media?parent=87822"}],"wp:term":[{"taxonomy":"category","embeddable":true,"href":"https:\/\/www.elsindical.com.ar\/notas\/wp-json\/wp\/v2\/categories?post=87822"},{"taxonomy":"post_tag","embeddable":true,"href":"https:\/\/www.elsindical.com.ar\/notas\/wp-json\/wp\/v2\/tags?post=87822"}],"curies":[{"name":"wp","href":"https:\/\/api.w.org\/{rel}","templated":true}]}}