{"id":8782,"date":"2010-08-21T02:21:35","date_gmt":"2010-08-21T05:21:35","guid":{"rendered":"http:\/\/www.elsindical.com.ar\/notas\/?p=8782"},"modified":"2010-08-21T02:21:35","modified_gmt":"2010-08-21T05:21:35","slug":"los-docentes-portenos-ratificaron-el-paro-para-el-martes-y-una-marcha-a-la-jefatura-de-la-ciudad","status":"publish","type":"post","link":"https:\/\/www.elsindical.com.ar\/notas\/los-docentes-portenos-ratificaron-el-paro-para-el-martes-y-una-marcha-a-la-jefatura-de-la-ciudad\/","title":{"rendered":"Los docentes porte\u00f1os ratificaron el paro para el martes y una marcha a la Jefatura de la Ciudad"},"content":{"rendered":"<p style=\"text-align: justify;\"><em><a href=\"http:\/\/www.elsindical.com.ar\/notas\/var\/www\/html\/notas\/wp-content\/uploads\/2010\/02\/docentes-Ministerio-de-Educ.jpg\"><img loading=\"lazy\" decoding=\"async\" class=\"alignleft size-full wp-image-3906\" title=\"docentes-Ministerio-de-Educ\" src=\"http:\/\/www.elsindical.com.ar\/notas\/var\/www\/html\/notas\/wp-content\/uploads\/2010\/02\/docentes-Ministerio-de-Educ.jpg\" alt=\"\" width=\"227\" height=\"151\" \/><\/a>Los docentes porte\u00f1os ratificaron el paro de actividades para el martes pr\u00f3ximo en reclamo de respuesta por parte del Gobierno porte\u00f1o a las demandas de recomposici\u00f3n salarial y educativas.<\/em><\/p>\n<p style=\"text-align: justify;\">Los docentes agrupados en ADEF, AEP, AMET, CAMyP, SEDEBA, UDA y UTE-CTERA Capital reclaman el adelantamiento del cronograma de pagos y la recomposici\u00f3n salarial y la estabilidad de todos los docentes interinos del nivel medio y terciario.<\/p>\n<p style=\"text-align: justify;\">Asimismo, exigen la implementaci\u00f3n de la ley de profesor por cargo, el pago de los salarios en tiempo y forma, la creaci\u00f3n de nuevas escuelas y jardines y el rechazo absoluto al cierre de grados.<\/p>\n<p style=\"text-align: justify;\">Los docentes tambi\u00e9n denunciaron en conferencia de prensa el memor\u00e1ndum n\u00famero 912.750 del Ministerio de Educaci\u00f3n de la Ciudad, que establece la realizaci\u00f3n de la denuncia policial de los estudiantes y de sus padres en las escuelas que est\u00e1n ocupadas pac\u00edficamente.<\/p>\n<p style=\"text-align: justify;\">En el marco de la medida de fuerza, los gremios convocaron adem\u00e1s a una concentraci\u00f3n a la Jefatura de Gobierno porte\u00f1o, en Avenida de Mayo y Bol\u00edvar.<\/p>\n","protected":false},"excerpt":{"rendered":"<p>Los docentes porte\u00f1os ratificaron el paro de actividades para el martes pr\u00f3ximo en reclamo de respuesta por parte del Gobierno porte\u00f1o a las demandas de recomposici\u00f3n salarial y educativas. Los docentes agrupados en ADEF, AEP, AMET, CAMyP, SEDEBA, UDA y UTE-CTERA Capital reclaman el adelantamiento del cronograma de pagos y la recomposici\u00f3n salarial y la&hellip;<\/p>\n","protected":false},"author":1,"featured_media":0,"comment_status":"open","ping_status":"open","sticky":false,"template":"","format":"standard","meta":{"footnotes":""},"categories":[16],"tags":[497,4272,76,67,1028],"class_list":["post-8782","post","type-post","status-publish","format-standard","hentry","category-gremiales","tag-docentes","tag-jefatura-de-gobierno","tag-mauricio-macri","tag-paro","tag-portenos"],"_links":{"self":[{"href":"https:\/\/www.elsindical.com.ar\/notas\/wp-json\/wp\/v2\/posts\/8782","targetHints":{"allow":["GET"]}}],"collection":[{"href":"https:\/\/www.elsindical.com.ar\/notas\/wp-json\/wp\/v2\/posts"}],"about":[{"href":"https:\/\/www.elsindical.com.ar\/notas\/wp-json\/wp\/v2\/types\/post"}],"author":[{"embeddable":true,"href":"https:\/\/www.elsindical.com.ar\/notas\/wp-json\/wp\/v2\/users\/1"}],"replies":[{"embeddable":true,"href":"https:\/\/www.elsindical.com.ar\/notas\/wp-json\/wp\/v2\/comments?post=8782"}],"version-history":[{"count":2,"href":"https:\/\/www.elsindical.com.ar\/notas\/wp-json\/wp\/v2\/posts\/8782\/revisions"}],"predecessor-version":[{"id":8784,"href":"https:\/\/www.elsindical.com.ar\/notas\/wp-json\/wp\/v2\/posts\/8782\/revisions\/8784"}],"wp:attachment":[{"href":"https:\/\/www.elsindical.com.ar\/notas\/wp-json\/wp\/v2\/media?parent=8782"}],"wp:term":[{"taxonomy":"category","embeddable":true,"href":"https:\/\/www.elsindical.com.ar\/notas\/wp-json\/wp\/v2\/categories?post=8782"},{"taxonomy":"post_tag","embeddable":true,"href":"https:\/\/www.elsindical.com.ar\/notas\/wp-json\/wp\/v2\/tags?post=8782"}],"curies":[{"name":"wp","href":"https:\/\/api.w.org\/{rel}","templated":true}]}}