{"id":87739,"date":"2019-06-06T17:35:57","date_gmt":"2019-06-06T20:35:57","guid":{"rendered":"http:\/\/www.elsindical.com.ar\/notas\/?p=87739"},"modified":"2019-06-06T17:35:57","modified_gmt":"2019-06-06T20:35:57","slug":"jornada-de-protestas-de-la-ajb-en-edificios-judiciales","status":"publish","type":"post","link":"https:\/\/www.elsindical.com.ar\/notas\/jornada-de-protestas-de-la-ajb-en-edificios-judiciales\/","title":{"rendered":"Jornada de protestas de la AJB en edificios judiciales"},"content":{"rendered":"\n<figure class=\"wp-block-image\"><img loading=\"lazy\" decoding=\"async\" width=\"738\" height=\"554\" src=\"http:\/\/www.elsindical.com.ar\/notas\/var\/www\/html\/notas\/wp-content\/uploads\/2019\/06\/protesta-Polo-AJB-1.jpg\" alt=\"\" class=\"wp-image-87740\" srcset=\"https:\/\/www.elsindical.com.ar\/notas\/var\/www\/html\/notas\/wp-content\/uploads\/2019\/06\/protesta-Polo-AJB-1.jpg 738w, https:\/\/www.elsindical.com.ar\/notas\/var\/www\/html\/notas\/wp-content\/uploads\/2019\/06\/protesta-Polo-AJB-1-300x225.jpg 300w, https:\/\/www.elsindical.com.ar\/notas\/var\/www\/html\/notas\/wp-content\/uploads\/2019\/06\/protesta-Polo-AJB-1-400x300.jpg 400w\" sizes=\"auto, (max-width: 738px) 100vw, 738px\" \/><\/figure>\n\n\n\n<p class=\"wp-block-paragraph\">  En la fecha la AJB realiz\u00f3 protestas y difusi\u00f3n de los reclamos no atendidos por el gobierno provincial, alertando a la comunidad sobre las dificultades que atraviesan los empleados judiciales.<\/p>\n\n\n\n<p class=\"wp-block-paragraph\">Ante lo que denuncian la falta de inter\u00e9s de la Gobernadora Mar\u00eda Eugenia Vidal, la AJB se hizo o\u00edr y ver en los distintos edificios judiciales con pancartas, panfletos y elementos para acompa\u00f1ar los reclamos como bombos y redoblantes.<\/p>\n\n\n\n<p class=\"wp-block-paragraph\">En el Polo Judicial de Avellaneda, hay que destacar que los trabajadores, le pusieron mucha onda a un reclamo serio, podr\u00edamos decir que es la mejor forma de demostrar que muchos aman lo que hacen y que pueden mostrar el reclamo sin recurrir a la violencia como se suele denunciar desde el gobierno ante cada reclamo justo, como dir\u00eda el Indio Solari \u00abviolencia es mentir\u00bb.<\/p>\n\n\n\n<figure class=\"wp-block-image\"><img loading=\"lazy\" decoding=\"async\" width=\"738\" height=\"554\" src=\"http:\/\/www.elsindical.com.ar\/notas\/var\/www\/html\/notas\/wp-content\/uploads\/2019\/06\/protesta-Polo-AJB-2.jpg\" alt=\"\" class=\"wp-image-87741\" srcset=\"https:\/\/www.elsindical.com.ar\/notas\/var\/www\/html\/notas\/wp-content\/uploads\/2019\/06\/protesta-Polo-AJB-2.jpg 738w, https:\/\/www.elsindical.com.ar\/notas\/var\/www\/html\/notas\/wp-content\/uploads\/2019\/06\/protesta-Polo-AJB-2-300x225.jpg 300w, https:\/\/www.elsindical.com.ar\/notas\/var\/www\/html\/notas\/wp-content\/uploads\/2019\/06\/protesta-Polo-AJB-2-400x300.jpg 400w\" sizes=\"auto, (max-width: 738px) 100vw, 738px\" \/><\/figure>\n\n\n\n<iframe loading=\"lazy\" width=\"580\" height=\"420\" src=\"https:\/\/www.youtube.com\/embed\/nKTAmrlm8_s\" frameborder=\"0\" allow=\"accelerometer; autoplay; encrypted-media; gyroscope; picture-in-picture\" allowfullscreen><\/iframe>\n\n\n\n<p class=\"wp-block-paragraph\"><strong>Por Marcelo Ricardo Hawrylciw<\/strong><\/p>\n","protected":false},"excerpt":{"rendered":"<p>En la fecha la AJB realiz\u00f3 protestas y difusi\u00f3n de los reclamos no atendidos por el gobierno provincial, alertando a la comunidad sobre las dificultades que atraviesan los empleados judiciales. Ante lo que denuncian la falta de inter\u00e9s de la Gobernadora Mar\u00eda Eugenia Vidal, la AJB se hizo o\u00edr y ver en los distintos edificios&hellip;<\/p>\n","protected":false},"author":1,"featured_media":87740,"comment_status":"open","ping_status":"open","sticky":false,"template":"","format":"standard","meta":{"footnotes":""},"categories":[16],"tags":[4626,7265,13016],"class_list":["post-87739","post","type-post","status-publish","format-standard","has-post-thumbnail","hentry","category-gremiales","tag-ajb","tag-maria-eugenia-vidal","tag-polo-judicial-avellaneda"],"_links":{"self":[{"href":"https:\/\/www.elsindical.com.ar\/notas\/wp-json\/wp\/v2\/posts\/87739","targetHints":{"allow":["GET"]}}],"collection":[{"href":"https:\/\/www.elsindical.com.ar\/notas\/wp-json\/wp\/v2\/posts"}],"about":[{"href":"https:\/\/www.elsindical.com.ar\/notas\/wp-json\/wp\/v2\/types\/post"}],"author":[{"embeddable":true,"href":"https:\/\/www.elsindical.com.ar\/notas\/wp-json\/wp\/v2\/users\/1"}],"replies":[{"embeddable":true,"href":"https:\/\/www.elsindical.com.ar\/notas\/wp-json\/wp\/v2\/comments?post=87739"}],"version-history":[{"count":1,"href":"https:\/\/www.elsindical.com.ar\/notas\/wp-json\/wp\/v2\/posts\/87739\/revisions"}],"predecessor-version":[{"id":87742,"href":"https:\/\/www.elsindical.com.ar\/notas\/wp-json\/wp\/v2\/posts\/87739\/revisions\/87742"}],"wp:featuredmedia":[{"embeddable":true,"href":"https:\/\/www.elsindical.com.ar\/notas\/wp-json\/wp\/v2\/media\/87740"}],"wp:attachment":[{"href":"https:\/\/www.elsindical.com.ar\/notas\/wp-json\/wp\/v2\/media?parent=87739"}],"wp:term":[{"taxonomy":"category","embeddable":true,"href":"https:\/\/www.elsindical.com.ar\/notas\/wp-json\/wp\/v2\/categories?post=87739"},{"taxonomy":"post_tag","embeddable":true,"href":"https:\/\/www.elsindical.com.ar\/notas\/wp-json\/wp\/v2\/tags?post=87739"}],"curies":[{"name":"wp","href":"https:\/\/api.w.org\/{rel}","templated":true}]}}